{"id":1214,"date":"2018-06-10T22:10:22","date_gmt":"2018-06-10T22:10:22","guid":{"rendered":"http:\/\/www.periodistasporlaigualdad.org\/?p=1214"},"modified":"2019-03-02T17:30:36","modified_gmt":"2019-03-02T17:30:36","slug":"que-pueden-hacer-los-medios-de-comunicacion-contra-la-violencia-machista","status":"publish","type":"post","link":"http:\/\/www.periodistasporlaigualdad.org\/?p=1214","title":{"rendered":"\u00bfQu\u00e9 pueden hacer los medios de comunicaci\u00f3n contra la violencia machista?"},"content":{"rendered":"<p><a href=\"http:\/\/www.periodistasporlaigualdad.org\/2018\/06\/10\/que-pueden-hacer-los-medios-de-comunicacion-contra-la-violencia-machista\/captura-de-pantalla-2018-06-11-a-las-9-52-39\/\" rel=\"attachment wp-att-1217\"><img decoding=\"async\" loading=\"lazy\" class=\"wp-image-1217 aligncenter\" src=\"http:\/\/www.periodistasporlaigualdad.org\/wp-content\/uploads\/2018\/06\/Captura-de-pantalla-2018-06-11-a-las-9.52.39.png\" alt=\"\" width=\"544\" height=\"704\" srcset=\"http:\/\/www.periodistasporlaigualdad.org\/wp-content\/uploads\/2018\/06\/Captura-de-pantalla-2018-06-11-a-las-9.52.39.png 720w, http:\/\/www.periodistasporlaigualdad.org\/wp-content\/uploads\/2018\/06\/Captura-de-pantalla-2018-06-11-a-las-9.52.39-232x300.png 232w, http:\/\/www.periodistasporlaigualdad.org\/wp-content\/uploads\/2018\/06\/Captura-de-pantalla-2018-06-11-a-las-9.52.39-600x777.png 600w\" sizes=\"(max-width: 544px) 100vw, 544px\" \/><\/a><\/p>\n<p>Carmen Serrano<\/p>\n<p><strong>Cuidar el lenguaje, evitar los eufemismos, huir de los estereotipos, dedicar m\u00e1s espacio a los casos de violencia machista<\/strong>, portadas, no pedir declaraciones a los vecinos, sino a los expertos, y tambi\u00e9n a los pol\u00edticos, resaltar su ausencia en los funerales de las v\u00edctimas, subrayar su implicaci\u00f3n o la falta de ella en este grav\u00edsimo problema, acompa\u00f1ar siempre las informaciones con los tel\u00e9fonos de atenci\u00f3n a mujeres y protecci\u00f3n de menores, pedir el refuerzo de vigilancia en las calles para que se cumplan las \u00f3rdenes de alejamiento&#8230; Son s\u00f3lo algunas de las medidas que pueden adoptar los medios de comunicaci\u00f3n para luchar contra la violencia machista.<\/p>\n<p>El martes 12 en Madrid y el 18 en Zaragoza escucharemos muchas m\u00e1s propuestas de boca de expertas, periodistas, soci\u00f3logas y juristas feministas que participar\u00e1n en sendos debates, los que servir\u00e1n de presentaci\u00f3n de la Asociaci\u00f3n de Periodistas por la Igualdad. El primero de ellos, en el Ateneo de Madrid (calle del Prado 21) gracias a la participaci\u00f3n de <strong>Cristina Valera<\/strong>, reunir\u00e1 a las periodistas <strong>Ana Requena<\/strong> (eldiario.es), <strong>Eva Herrero<\/strong> (TVE) y <strong>Pedro de Alzaga<\/strong> (cuartopoder.es), compa\u00f1ero tambi\u00e9n de esta Asociaci\u00f3n, a la jurista <strong>Marisa Soleto<\/strong> y la soci\u00f3loga <strong>Cristina Hern\u00e1ndez. Roc\u00edo Ibarra<\/strong> se encargar\u00e1 de exponer los objetivos de la Asociaci\u00f3n.<strong>\u00a0<\/strong><\/p>\n<p>El debate estar\u00e1<strong> abierto al p\u00fablico<\/strong> y ser\u00e1 moderado por mi misma, como cofundadora de la Asociaci\u00f3n de Periodistas por la Igualdad, una organizaci\u00f3n feminista que da as\u00ed sus primeros pasos con estos objetivos: generar debate en torno a los problemas que ocasiona el patriarcado, tanto para las periodistas como para el conjunto de la sociedad; visibilizar los esfuerzos feministas desde los medios de comunicaci\u00f3n; vigilar y denunciar las malas pr\u00e1cticas y premiar las buenas; hacer autocr\u00edtica; y formar grupos de trabajo para investigar errores y formas de solventarlos de cara a un periodismo m\u00e1s justo, tambi\u00e9n para la sociedad.<\/p>\n","protected":false},"excerpt":{"rendered":"<p>Carmen Serrano Cuidar el lenguaje, evitar los eufemismos, huir de los estereotipos, dedicar m\u00e1s espacio a los casos de violencia machista, portadas, no pedir declaraciones a los vecinos, sino a los expertos, y tambi\u00e9n a los pol\u00edticos, resaltar su ausencia en los funerales de las v\u00edctimas, subrayar su implicaci\u00f3n o la falta de ella en este grav\u00edsimo problema, acompa\u00f1ar siempre las informaciones con los tel\u00e9fonos de atenci\u00f3n a mujeres y protecci\u00f3n de menores, pedir el refuerzo de vigilancia en las calles para que se cumplan las \u00f3rdenes de alejamiento&#8230; Son s\u00f3lo algunas de las medidas que pueden adoptar los medios de comunicaci\u00f3n para luchar contra la violencia machista. El martes 12 en Madrid y el 18 en Zaragoza escucharemos muchas m\u00e1s propuestas de boca de expertas, periodistas, soci\u00f3logas y juristas feministas que participar\u00e1n en sendos debates, los que servir\u00e1n de presentaci\u00f3n de la Asociaci\u00f3n de Periodistas por la Igualdad. El primero de ellos, en el Ateneo de Madrid (calle del Prado 21) gracias a la participaci\u00f3n de Cristina Valera, reunir\u00e1 a las periodistas Ana Requena (eldiario.es), Eva Herrero (TVE) y Pedro de Alzaga (cuartopoder.es), compa\u00f1ero tambi\u00e9n de esta Asociaci\u00f3n, a la jurista Marisa Soleto y la soci\u00f3loga Cristina Hern\u00e1ndez. Roc\u00edo Ibarra se encargar\u00e1 de exponer los objetivos de la Asociaci\u00f3n.\u00a0 El debate estar\u00e1 abierto al p\u00fablico y ser\u00e1 moderado por mi misma, como cofundadora de la Asociaci\u00f3n de Periodistas por la Igualdad, una organizaci\u00f3n feminista que da as\u00ed sus primeros pasos con estos objetivos: generar debate en torno a los problemas que ocasiona el patriarcado, tanto para las periodistas como para el conjunto de la sociedad; visibilizar los esfuerzos feministas desde los medios de comunicaci\u00f3n; vigilar y denunciar las malas pr\u00e1cticas y premiar las buenas; hacer autocr\u00edtica; y formar grupos de trabajo para investigar errores y formas de solventarlos de cara a un periodismo m\u00e1s justo, tambi\u00e9n para la sociedad.<\/p>\n","protected":false},"author":1,"featured_media":1204,"comment_status":"open","ping_status":"open","sticky":false,"template":"","format":"standard","meta":[],"categories":[150],"tags":[136,135,133,141,140,134,132,137,131,139,130,138,143,142,117],"_links":{"self":[{"href":"http:\/\/www.periodistasporlaigualdad.org\/index.php?rest_route=\/wp\/v2\/posts\/1214"}],"collection":[{"href":"http:\/\/www.periodistasporlaigualdad.org\/index.php?rest_route=\/wp\/v2\/posts"}],"about":[{"href":"http:\/\/www.periodistasporlaigualdad.org\/index.php?rest_route=\/wp\/v2\/types\/post"}],"author":[{"embeddable":true,"href":"http:\/\/www.periodistasporlaigualdad.org\/index.php?rest_route=\/wp\/v2\/users\/1"}],"replies":[{"embeddable":true,"href":"http:\/\/www.periodistasporlaigualdad.org\/index.php?rest_route=%2Fwp%2Fv2%2Fcomments&post=1214"}],"version-history":[{"count":3,"href":"http:\/\/www.periodistasporlaigualdad.org\/index.php?rest_route=\/wp\/v2\/posts\/1214\/revisions"}],"predecessor-version":[{"id":1218,"href":"http:\/\/www.periodistasporlaigualdad.org\/index.php?rest_route=\/wp\/v2\/posts\/1214\/revisions\/1218"}],"wp:featuredmedia":[{"embeddable":true,"href":"http:\/\/www.periodistasporlaigualdad.org\/index.php?rest_route=\/wp\/v2\/media\/1204"}],"wp:attachment":[{"href":"http:\/\/www.periodistasporlaigualdad.org\/index.php?rest_route=%2Fwp%2Fv2%2Fmedia&parent=1214"}],"wp:term":[{"taxonomy":"category","embeddable":true,"href":"http:\/\/www.periodistasporlaigualdad.org\/index.php?rest_route=%2Fwp%2Fv2%2Fcategories&post=1214"},{"taxonomy":"post_tag","embeddable":true,"href":"http:\/\/www.periodistasporlaigualdad.org\/index.php?rest_route=%2Fwp%2Fv2%2Ftags&post=1214"}],"curies":[{"name":"wp","href":"https:\/\/api.w.org\/{rel}","templated":true}]}}