{"id":1373,"date":"2019-02-02T17:20:52","date_gmt":"2019-02-02T17:20:52","guid":{"rendered":"http:\/\/www.periodistasporlaigualdad.org\/?p=1373"},"modified":"2019-03-02T17:07:46","modified_gmt":"2019-03-02T17:07:46","slug":"las-competiciones-deportivas-necesitan-otro-modelo-que-no-discrimine-a-las-mujeres","status":"publish","type":"post","link":"http:\/\/www.periodistasporlaigualdad.org\/?p=1373","title":{"rendered":"Las competiciones deportivas necesitan otro modelo que no discrimine a las mujeres"},"content":{"rendered":"<h5><em>Por: Carmen Serrano<\/em><\/h5>\n<p><strong>\u00bfPor qu\u00e9 todas las pruebas deportivas est\u00e1n relacionadas con la fuerza?<\/strong> Seg\u00fan Chus Garc\u00eda Ceballos, asesora t\u00e9cnica de Deportes en el Gobierno de Arag\u00f3n, &#8220;hay otras caracter\u00edsticas que est\u00e1n infravaloradas, como la intuici\u00f3n, el sacrificio, lo colaborativo&#8230;&#8221;. Sin duda, atendiendo a esas otras cualidades humanas, si fueran todas convenientemente combinadas, el mundo del deporte nos discriminar\u00eda a la mujer tanto como en realidad lo hace. Durante la infancia, la cosa est\u00e1 igualada. Pero al llegar la adolescencia, las ni\u00f1as suelen abandonar el deporte hasta llegar a los porcentajes 82 y 12% de hombres y mujeres federadas en la edad adulta. Garc\u00eda Ceballos sabe porqu\u00e9: &#8220;La presi\u00f3n social sobre la imagen de la mujer es decisiva y, adem\u00e1s, a las chicas les falta el apoyo familiar que obtienen los chicos cuando quieren dedicarse al deporte&#8221;.<\/p>\n<p>Para la t\u00e9cnica, &#8220;el modelo de competici\u00f3n necesita una renovaci\u00f3n total&#8221;. Son decisiones que ha de tomar el Consejo General de Deportes sobre rendimiento. A ella le parece <strong>&#8220;muy triste que las adolescentes renuncien al disfrute del deporte&#8221;<\/strong>. Ahora, las que siguen adelante no lo tienen nada f\u00e1cil. Carlota Alb\u00e1s, pelotari y presidenta de la Federaci\u00f3n Aragonesa de Pelota, enumera las zancadillas que reciben las deportistas: &#8220;Desigualdad salarial&#8221;, &#8220;falta de apoyo a la maternidad&#8221;, &#8220;paternalismo y referencias constantes al aspecto f\u00edsico&#8221;, &#8220;deportes mixtos&#8221;, &#8220;ausencia en las televisiones&#8221;&#8230; Como gestora, Alb\u00e1s se pregunta &#8220;qu\u00e9 hacemos mal las federaciones para que las mujeres quieran jugar pero no federarse&#8221;.<\/p>\n<p>En Arag\u00f3n, por ejemplo, hay en la actualidad seis federaciones dirigidas por mujeres, &#8220;pero ninguna cobra por ello&#8221;, advierte Alb\u00e1s. Tienen muchas ideas para mejorar la situaci\u00f3n de la mujer en el deporte, <strong>&#8220;pero es dif\u00edcil hacerse con los mandos; ellos quieren seguir manejando en la sombra&#8221;<\/strong>. A la pelotari le parece observar la tendencia que cunde ahora en pr\u00e1cticamente todas las profesiones: &#8220;Se procura la paridad, s\u00ed, pero \u00e9sta no es real&#8221;. Hasta Maite Ruiz de Larramendi, navarra, tambi\u00e9n pelotari y s\u00faper premiada, trabaja sin cobrar. &#8220;Muchas tienen que pagarse hasta los desplazamientos para ir a competir&#8221;.<\/p>\n<p><strong>Sue\u00f1an con nuevos campeonatos femeninos, menos agresivos<\/strong>, con ropas, incluso, &#8216;m\u00e1s deportivas&#8217;, con una convivencia m\u00e1s sana con sus compa\u00f1eros, tambi\u00e9n con una visibilidad m\u00e1s justa en los medios de comunicaci\u00f3n, con lograr, en definitiva, acercar m\u00e1s el deporte a las mujeres. Para apoyarlas en esta tarea, la Asociaci\u00f3n de Periodistas por la Igualdad celebrar\u00e1 dos debates abiertos, p\u00fablicos, uno en Zaragoza y otro en Madrid, entre deportistas, periodistas y ciudadanos en general, para destapar los problemas de las mujeres, darles la visibilidad que merecen y buscar soluciones para ellos, entre todos. Los periodistas somos conscientes de que nuestro trabajo puede ayudar a lograr una sociedad m\u00e1s justa. Y desde esta asociaci\u00f3n feminista queremos luchar por ello.<\/p>\n<p>Carlota Alb\u00e1s y Chus Garc\u00eda Ceballos participar\u00e1n en el debate que tendr\u00e1 lugar en Zaragoza el <strong>14 de febrero de 2019, jueves, a las 20.00 horas, en El S\u00f3tano M\u00e1gico<\/strong>, un bar muy especial sito en el n\u00famero 43 de la calle San Pablo, a pocos pasos de una parada del tranv\u00eda. Tambi\u00e9n participar\u00e1n las deportistas Nuria Mallada y Mar\u00eda Sancho y las periodistas Raquel Mach\u00edn y Aranzta Cort\u00e9s. La fecha del debate en Madrid la anunciaremos pr\u00f3ximamente. Os esperamos a todos los que so\u00f1\u00e9is con un mundo mejor, sin discriminaciones por raz\u00f3n de sexo. El debate ser\u00e1 muy constructivo.<\/p>\n<p><a href=\"http:\/\/www.periodistasporlaigualdad.org\/2019\/02\/02\/las-competiciones-deportivas-necesitan-otro-modelo-que-no-discrimine-a-las-mujeres\/cartel-mujer-y-deporte\/\" rel=\"attachment wp-att-1374\"><img decoding=\"async\" loading=\"lazy\" width=\"5456\" height=\"6936\" class=\"alignleft size-full wp-image-1374\" src=\"http:\/\/www.periodistasporlaigualdad.org\/wp-content\/uploads\/2019\/02\/Cartel-Mujer-y-Deporte.jpg\" alt=\"\" srcset=\"http:\/\/www.periodistasporlaigualdad.org\/wp-content\/uploads\/2019\/02\/Cartel-Mujer-y-Deporte.jpg 5456w, http:\/\/www.periodistasporlaigualdad.org\/wp-content\/uploads\/2019\/02\/Cartel-Mujer-y-Deporte-236x300.jpg 236w, http:\/\/www.periodistasporlaigualdad.org\/wp-content\/uploads\/2019\/02\/Cartel-Mujer-y-Deporte-768x976.jpg 768w, http:\/\/www.periodistasporlaigualdad.org\/wp-content\/uploads\/2019\/02\/Cartel-Mujer-y-Deporte-805x1024.jpg 805w, http:\/\/www.periodistasporlaigualdad.org\/wp-content\/uploads\/2019\/02\/Cartel-Mujer-y-Deporte-958x1218.jpg 958w, http:\/\/www.periodistasporlaigualdad.org\/wp-content\/uploads\/2019\/02\/Cartel-Mujer-y-Deporte-600x763.jpg 600w\" sizes=\"(max-width: 5456px) 100vw, 5456px\" \/><\/a><\/p>\n","protected":false},"excerpt":{"rendered":"<p>Por: Carmen Serrano \u00bfPor qu\u00e9 todas las pruebas deportivas est\u00e1n relacionadas con la fuerza? Seg\u00fan Chus Garc\u00eda Ceballos, asesora t\u00e9cnica de Deportes en el Gobierno de Arag\u00f3n, &#8220;hay otras caracter\u00edsticas que est\u00e1n infravaloradas, como la intuici\u00f3n, el sacrificio, lo colaborativo&#8230;&#8221;. Sin duda, atendiendo a esas otras cualidades humanas, si fueran todas convenientemente combinadas, el mundo del deporte nos discriminar\u00eda a la mujer tanto como en realidad lo hace. Durante la infancia, la cosa est\u00e1 igualada. Pero al llegar la adolescencia, las ni\u00f1as suelen abandonar el deporte hasta llegar a los porcentajes 82 y 12% de hombres y mujeres federadas en la edad adulta. Garc\u00eda Ceballos sabe porqu\u00e9: &#8220;La presi\u00f3n social sobre la imagen de la mujer es decisiva y, adem\u00e1s, a las chicas les falta el apoyo familiar que obtienen los chicos cuando quieren dedicarse al deporte&#8221;. Para la t\u00e9cnica, &#8220;el modelo de competici\u00f3n necesita una renovaci\u00f3n total&#8221;. Son decisiones que ha de tomar el Consejo General de Deportes sobre rendimiento. A ella le parece &#8220;muy triste que las adolescentes renuncien al disfrute del deporte&#8221;. Ahora, las que siguen adelante no lo tienen nada f\u00e1cil. Carlota Alb\u00e1s, pelotari y presidenta de la Federaci\u00f3n Aragonesa de Pelota, enumera las zancadillas que reciben las deportistas: &#8220;Desigualdad salarial&#8221;, &#8220;falta de apoyo a la maternidad&#8221;, &#8220;paternalismo y referencias constantes al aspecto f\u00edsico&#8221;, &#8220;deportes mixtos&#8221;, &#8220;ausencia en las televisiones&#8221;&#8230; Como gestora, Alb\u00e1s se pregunta &#8220;qu\u00e9 hacemos mal las federaciones para que las mujeres quieran jugar pero no federarse&#8221;. En Arag\u00f3n, por ejemplo, hay en la actualidad seis federaciones dirigidas por mujeres, &#8220;pero ninguna cobra por ello&#8221;, advierte Alb\u00e1s. Tienen muchas ideas para mejorar la situaci\u00f3n de la mujer en el deporte, &#8220;pero es dif\u00edcil hacerse con los mandos; ellos quieren seguir manejando en la sombra&#8221;. A la pelotari le parece observar la tendencia que cunde ahora en pr\u00e1cticamente todas las profesiones: &#8220;Se procura la paridad, s\u00ed, pero \u00e9sta no es real&#8221;. Hasta Maite Ruiz de Larramendi, navarra, tambi\u00e9n pelotari y s\u00faper premiada, trabaja sin cobrar. &#8220;Muchas tienen que pagarse hasta los desplazamientos para ir a competir&#8221;. Sue\u00f1an con nuevos campeonatos femeninos, menos agresivos, con ropas, incluso, &#8216;m\u00e1s deportivas&#8217;, con una convivencia m\u00e1s sana con sus compa\u00f1eros, tambi\u00e9n con una visibilidad m\u00e1s justa en los medios de comunicaci\u00f3n, con lograr, en definitiva, acercar m\u00e1s el deporte a las mujeres. Para apoyarlas en esta tarea, la Asociaci\u00f3n de Periodistas por la Igualdad celebrar\u00e1 dos debates abiertos, p\u00fablicos, uno en Zaragoza y otro en Madrid, entre deportistas, periodistas y ciudadanos en general, para destapar los problemas de las mujeres, darles la visibilidad que merecen y buscar soluciones para ellos, entre todos. Los periodistas somos conscientes de que nuestro trabajo puede ayudar a lograr una sociedad m\u00e1s justa. Y desde esta asociaci\u00f3n feminista queremos luchar por ello. Carlota Alb\u00e1s y Chus Garc\u00eda Ceballos participar\u00e1n en el debate que tendr\u00e1 lugar en Zaragoza el 14 de febrero de 2019, jueves, a las 20.00 horas, en El S\u00f3tano M\u00e1gico, un bar muy especial sito en el n\u00famero 43 de la calle San Pablo, a pocos pasos de una parada del tranv\u00eda. Tambi\u00e9n participar\u00e1n las deportistas Nuria Mallada y Mar\u00eda Sancho y [&hellip;]<\/p>\n","protected":false},"author":1,"featured_media":1376,"comment_status":"open","ping_status":"open","sticky":false,"template":"","format":"standard","meta":[],"categories":[150],"tags":[159,160,153,154,156,152,155,166,158,157,146,165,161,130,151,145,162,163,164],"_links":{"self":[{"href":"http:\/\/www.periodistasporlaigualdad.org\/index.php?rest_route=\/wp\/v2\/posts\/1373"}],"collection":[{"href":"http:\/\/www.periodistasporlaigualdad.org\/index.php?rest_route=\/wp\/v2\/posts"}],"about":[{"href":"http:\/\/www.periodistasporlaigualdad.org\/index.php?rest_route=\/wp\/v2\/types\/post"}],"author":[{"embeddable":true,"href":"http:\/\/www.periodistasporlaigualdad.org\/index.php?rest_route=\/wp\/v2\/users\/1"}],"replies":[{"embeddable":true,"href":"http:\/\/www.periodistasporlaigualdad.org\/index.php?rest_route=%2Fwp%2Fv2%2Fcomments&post=1373"}],"version-history":[{"count":5,"href":"http:\/\/www.periodistasporlaigualdad.org\/index.php?rest_route=\/wp\/v2\/posts\/1373\/revisions"}],"predecessor-version":[{"id":1717,"href":"http:\/\/www.periodistasporlaigualdad.org\/index.php?rest_route=\/wp\/v2\/posts\/1373\/revisions\/1717"}],"wp:featuredmedia":[{"embeddable":true,"href":"http:\/\/www.periodistasporlaigualdad.org\/index.php?rest_route=\/wp\/v2\/media\/1376"}],"wp:attachment":[{"href":"http:\/\/www.periodistasporlaigualdad.org\/index.php?rest_route=%2Fwp%2Fv2%2Fmedia&parent=1373"}],"wp:term":[{"taxonomy":"category","embeddable":true,"href":"http:\/\/www.periodistasporlaigualdad.org\/index.php?rest_route=%2Fwp%2Fv2%2Fcategories&post=1373"},{"taxonomy":"post_tag","embeddable":true,"href":"http:\/\/www.periodistasporlaigualdad.org\/index.php?rest_route=%2Fwp%2Fv2%2Ftags&post=1373"}],"curies":[{"name":"wp","href":"https:\/\/api.w.org\/{rel}","templated":true}]}}