{"id":1399,"date":"2019-01-25T17:56:52","date_gmt":"2019-01-25T17:56:52","guid":{"rendered":"http:\/\/www.periodistasporlaigualdad.org\/?p=1399"},"modified":"2019-03-02T17:23:37","modified_gmt":"2019-03-02T17:23:37","slug":"titulares-y-violencia-machista-caso-3-labtitulares","status":"publish","type":"post","link":"http:\/\/www.periodistasporlaigualdad.org\/?p=1399","title":{"rendered":"Caso 4. Violencia Machista #labtitulares"},"content":{"rendered":"<p><a href=\"https:\/\/www.noticiasdenavarra.com\/2019\/01\/03\/sociedad\/estado\/una-mujer-en-laredo-cantabriaprimera-victima-de-violencia-machista-de-2019\" target=\"_blank\" rel=\"attachment noopener wp-att-1400\"><img decoding=\"async\" loading=\"lazy\" width=\"641\" height=\"150\" class=\"size-full wp-image-1400 aligncenter\" src=\"http:\/\/www.periodistasporlaigualdad.org\/wp-content\/uploads\/2019\/02\/Titular-violencia-machista-IV.png\" alt=\"Titular violencia machista\" srcset=\"http:\/\/www.periodistasporlaigualdad.org\/wp-content\/uploads\/2019\/02\/Titular-violencia-machista-IV.png 641w, http:\/\/www.periodistasporlaigualdad.org\/wp-content\/uploads\/2019\/02\/Titular-violencia-machista-IV-300x70.png 300w, http:\/\/www.periodistasporlaigualdad.org\/wp-content\/uploads\/2019\/02\/Titular-violencia-machista-IV-600x140.png 600w\" sizes=\"(max-width: 641px) 100vw, 641px\" \/><\/a><\/p>\n<p>&nbsp;<\/p>\n<p><span style=\"font-weight: 400;\">Es necesario<strong> destacar en el titular que una mujer ha sido asesinada<\/strong>, sin eufemismos tan injustos como &#8216;morir a manos de&#8217;, una expresi\u00f3n empleada despu\u00e9s en la informaci\u00f3n que sigue a este encabezamiento. La Marea e Interm\u00f3n recuerdan, en su Taller de Comunicaci\u00f3n y G\u00e9nero, que \u201cno nos morimos, nos matan\u2019 es un lema recurrente en manifestaciones y redes sociales que est\u00e1 obligando a los medios a poner m\u00e1s cuidado al difundir este tipo de informaciones\u201d. Por otra parte, si en el antet\u00edtulo hacemos recuento de v\u00edctimas, hay que poner <strong>el total desde que en 2003 empezaron a ser contabilizadas.<\/strong><\/span><\/p>\n<p>&nbsp;<\/p>\n<p style=\"text-align: center;\"><strong>El titular y el antet\u00edtulo que proponemos es:<\/strong><\/p>\n<p>&nbsp;<\/p>\n<h3 style=\"text-align: center;\"><span style=\"font-weight: 400;\">976 v\u00edctimas de violencia machista<\/span><\/h3>\n<h3 style=\"text-align: center;\"><span style=\"font-weight: 400;\">DETENIDO UN HOMBRE POR EL ASESINATO DE SU PAREJA EN LAREDO<\/span><\/h3>\n<h3 style=\"text-align: center;\"><span style=\"font-weight: 400;\">o<\/span><\/h3>\n<h3 style=\"text-align: center;\"><span style=\"font-weight: 400;\">ASESINAN A UNA MUJER EN LAREDO Y DETIENEN A SU PAREJA <\/span><\/h3>\n","protected":false},"excerpt":{"rendered":"<p>&nbsp; Es necesario destacar en el titular que una mujer ha sido asesinada, sin eufemismos tan injustos como &#8216;morir a manos de&#8217;, una expresi\u00f3n empleada despu\u00e9s en la informaci\u00f3n que sigue a este encabezamiento. La Marea e Interm\u00f3n recuerdan, en su Taller de Comunicaci\u00f3n y G\u00e9nero, que \u201cno nos morimos, nos matan\u2019 es un lema recurrente en manifestaciones y redes sociales que est\u00e1 obligando a los medios a poner m\u00e1s cuidado al difundir este tipo de informaciones\u201d. Por otra parte, si en el antet\u00edtulo hacemos recuento de v\u00edctimas, hay que poner el total desde que en 2003 empezaron a ser contabilizadas. &nbsp; El titular y el antet\u00edtulo que proponemos es: &nbsp; 976 v\u00edctimas de violencia machista DETENIDO UN HOMBRE POR EL ASESINATO DE SU PAREJA EN LAREDO o ASESINAN A UNA MUJER EN LAREDO Y DETIENEN A SU PAREJA<\/p>\n","protected":false},"author":1,"featured_media":0,"comment_status":"open","ping_status":"open","sticky":false,"template":"","format":"standard","meta":[],"categories":[149],"tags":[196,195,117],"_links":{"self":[{"href":"http:\/\/www.periodistasporlaigualdad.org\/index.php?rest_route=\/wp\/v2\/posts\/1399"}],"collection":[{"href":"http:\/\/www.periodistasporlaigualdad.org\/index.php?rest_route=\/wp\/v2\/posts"}],"about":[{"href":"http:\/\/www.periodistasporlaigualdad.org\/index.php?rest_route=\/wp\/v2\/types\/post"}],"author":[{"embeddable":true,"href":"http:\/\/www.periodistasporlaigualdad.org\/index.php?rest_route=\/wp\/v2\/users\/1"}],"replies":[{"embeddable":true,"href":"http:\/\/www.periodistasporlaigualdad.org\/index.php?rest_route=%2Fwp%2Fv2%2Fcomments&post=1399"}],"version-history":[{"count":5,"href":"http:\/\/www.periodistasporlaigualdad.org\/index.php?rest_route=\/wp\/v2\/posts\/1399\/revisions"}],"predecessor-version":[{"id":1594,"href":"http:\/\/www.periodistasporlaigualdad.org\/index.php?rest_route=\/wp\/v2\/posts\/1399\/revisions\/1594"}],"wp:attachment":[{"href":"http:\/\/www.periodistasporlaigualdad.org\/index.php?rest_route=%2Fwp%2Fv2%2Fmedia&parent=1399"}],"wp:term":[{"taxonomy":"category","embeddable":true,"href":"http:\/\/www.periodistasporlaigualdad.org\/index.php?rest_route=%2Fwp%2Fv2%2Fcategories&post=1399"},{"taxonomy":"post_tag","embeddable":true,"href":"http:\/\/www.periodistasporlaigualdad.org\/index.php?rest_route=%2Fwp%2Fv2%2Ftags&post=1399"}],"curies":[{"name":"wp","href":"https:\/\/api.w.org\/{rel}","templated":true}]}}