{"id":1873,"date":"2025-07-16T06:19:00","date_gmt":"2025-07-16T06:19:00","guid":{"rendered":"http:\/\/www.periodistasporlaigualdad.org\/?p=1873"},"modified":"2025-07-16T21:36:30","modified_gmt":"2025-07-16T21:36:30","slug":"contador-de-victimas-de-violencia-de-genero-1-017","status":"publish","type":"post","link":"http:\/\/www.periodistasporlaigualdad.org\/?p=1873","title":{"rendered":"1316 MUJERES ASESINADAS POR VIOLENCIA DE G\u00c9NERO y 65 MENORES"},"content":{"rendered":"<p>Seg\u00fan la estad\u00edstica de Feminicidios registrada por el <a href=\"https:\/\/violenciagenero.igualdad.gob.es\/violenciaencifras\/victimasmortales\/fichamujeres\/\"><strong>Ministerio de Igualdad<\/strong><\/a>,\u00a0 son ya <strong>1316<\/strong> las mujeres asesinadas por violencia machista,\u00a0 violencia perpetrada contra las mujeres por el hecho de ser mujeres y, 65 menores asesinados por sus progenitores (Se contabilizan estos casos desde 2013).<\/p>\n<p>El Gobierno de Espa\u00f1a\u00a0 lleva a cabo este registro\u00a0 desde el 1 de enero de 2003.<\/p>\n<p>En\u00a0 2004 se aprob\u00f3 la <a href=\"https:\/\/www.boe.es\/buscar\/pdf\/2004\/BOE-A-2004-21760-consolidado.pdf\">Ley Org\u00e1nica 1\/2004, de 28 de diciembre, de Medidas de Protecci\u00f3n Integral\u00a0 contra la\u00a0 Violencia de G\u00e9nero<\/a>.<\/p>\n<p>&nbsp;<\/p>\n","protected":false},"excerpt":{"rendered":"<p>Seg\u00fan la estad\u00edstica de Feminicidios registrada por el Ministerio de Igualdad,\u00a0 son ya 1316 las mujeres asesinadas por violencia machista,\u00a0 violencia perpetrada contra las mujeres por el hecho de ser mujeres y, 65 menores asesinados por sus progenitores (Se contabilizan estos casos desde 2013). El Gobierno de Espa\u00f1a\u00a0 lleva a cabo este registro\u00a0 desde el 1 de enero de 2003. En\u00a0 2004 se aprob\u00f3 la Ley Org\u00e1nica 1\/2004, de 28 de diciembre, de Medidas de Protecci\u00f3n Integral\u00a0 contra la\u00a0 Violencia de G\u00e9nero. &nbsp;<\/p>\n","protected":false},"author":1,"featured_media":0,"comment_status":"closed","ping_status":"open","sticky":false,"template":"","format":"standard","meta":[],"categories":[150,475,464],"tags":[243,241,561,242,117],"_links":{"self":[{"href":"http:\/\/www.periodistasporlaigualdad.org\/index.php?rest_route=\/wp\/v2\/posts\/1873"}],"collection":[{"href":"http:\/\/www.periodistasporlaigualdad.org\/index.php?rest_route=\/wp\/v2\/posts"}],"about":[{"href":"http:\/\/www.periodistasporlaigualdad.org\/index.php?rest_route=\/wp\/v2\/types\/post"}],"author":[{"embeddable":true,"href":"http:\/\/www.periodistasporlaigualdad.org\/index.php?rest_route=\/wp\/v2\/users\/1"}],"replies":[{"embeddable":true,"href":"http:\/\/www.periodistasporlaigualdad.org\/index.php?rest_route=%2Fwp%2Fv2%2Fcomments&post=1873"}],"version-history":[{"count":36,"href":"http:\/\/www.periodistasporlaigualdad.org\/index.php?rest_route=\/wp\/v2\/posts\/1873\/revisions"}],"predecessor-version":[{"id":2927,"href":"http:\/\/www.periodistasporlaigualdad.org\/index.php?rest_route=\/wp\/v2\/posts\/1873\/revisions\/2927"}],"wp:attachment":[{"href":"http:\/\/www.periodistasporlaigualdad.org\/index.php?rest_route=%2Fwp%2Fv2%2Fmedia&parent=1873"}],"wp:term":[{"taxonomy":"category","embeddable":true,"href":"http:\/\/www.periodistasporlaigualdad.org\/index.php?rest_route=%2Fwp%2Fv2%2Fcategories&post=1873"},{"taxonomy":"post_tag","embeddable":true,"href":"http:\/\/www.periodistasporlaigualdad.org\/index.php?rest_route=%2Fwp%2Fv2%2Ftags&post=1873"}],"curies":[{"name":"wp","href":"https:\/\/api.w.org\/{rel}","templated":true}]}}