{"id":1961,"date":"2020-05-10T12:49:37","date_gmt":"2020-05-10T12:49:37","guid":{"rendered":"http:\/\/www.periodistasporlaigualdad.org\/?p=1961"},"modified":"2020-05-22T16:54:57","modified_gmt":"2020-05-22T16:54:57","slug":"asesinato-de-una-mujer-a-manos-de-un-hombre-por-machismo-o-misoginia","status":"publish","type":"post","link":"http:\/\/www.periodistasporlaigualdad.org\/?p=1961","title":{"rendered":"ASESINATO DE UNA MUJER A MANOS DE UN HOMBRE POR MACHISMO O MISOGINIA"},"content":{"rendered":"<p align=\"JUSTIFY\"><span style=\"color: #000000;\">Por Elena Bandr\u00e9s @Meleban<\/span><\/p>\n<p align=\"JUSTIFY\"><span style=\"color: #000000;\">\u201cLa violencia contra las mujeres y ni\u00f1as es una de las violaciones de los derechos humanos m\u00e1s extendidas, persistentes y devastadoras del mundo actual\u201d, afirma la ONU. Dentro de los tipos de violencia reconocido por este organismo, el feminicidio, definido por la RAE como \u201casesinato de una mujer a manos de un hombre por machismo o misoginia\u201d, supone la punta de un iceberg esculpido durante siglos con patrones culturales que siguen anclados en nuestra base social. Por lo tanto, <strong>un asesinato machista no es una simple noticia de sucesos<\/strong>, por lo que no puede ser tratada igual.<\/span><\/p>\n<p align=\"JUSTIFY\"><span style=\"color: #000000;\">Sin embargo, los medios de comunicaci\u00f3n siguen las mismas pautas para los dos casos, salvo en un detalle. En las noticias de sucesos aparece en la mayor\u00eda de las veces la imagen del presunto asesino, mientras que no ocurre lo mismo en las informaciones de violencia de g\u00e9nero. La utilizaci\u00f3n de la imagen de la v\u00edctima, los testimonios irrelevantes del vecindario, que muchas veces justifican de manera inconsciente el hecho delictivo, y la transmisi\u00f3n de im\u00e1genes y declaraciones, a veces poco convincentes, de las autoridades cortocircuitan los procesos para generar la primera condici\u00f3n por la que un crimen debe ser rechazado: conciencia social. La conciencia social necesaria e indispensable no s\u00f3lo para condenar estos cr\u00edmenes de terrorismo machista, sino para asumir que <strong>los feminicidios afectan al cien por cien de la sociedad, no s\u00f3lo a la mujer asesinada y a su familia.<\/strong><\/span><\/p>\n<p align=\"JUSTIFY\"><span style=\"color: #000000;\">En este sentido, llama la atenci\u00f3n que este tipo de relato no se aplique por igual cuando el asesinado es un hombre y la naturaleza del delito se circunscribe a otros terrorismos.<\/span><\/p>\n<p align=\"JUSTIFY\"><span style=\"color: #000000;\">Tras analizar las informaciones recogidas en los diferentes medios de comunicaci\u00f3n, se puede afirmar que los medios han renunciado a su papel como &#8216;formadores de conductas&#8217;, por dos razones: por la falta de un m\u00e9todo adecuado que evite caer en estos errores y por la <strong>ausencia de un protocolo de actuaci\u00f3n que los diferentes gobiernos de Espa\u00f1a s\u00ed que han puesto en marcha con otro tipo de cr\u00edmenes<\/strong>.<\/span><\/p>\n<p align=\"JUSTIFY\"><span style=\"color: #000000;\">En 2004 se promulg\u00f3 la primera Ley Integral contra la Violencia de G\u00e9nero y, tras la adopci\u00f3n de numerosas y diferentes iniciativas judiciales, educativas y sociales por los diferentes gobiernos sucedidos en el Estado Espa\u00f1ol, as\u00ed como en todas las Comunidades Aut\u00f3nomas, una serie de <strong>hombres siguen matando a las mujeres cuando su relaci\u00f3n sentimental deja de funcionar<\/strong>.<\/span><\/p>\n<p align=\"JUSTIFY\"><span style=\"color: #000000;\">La violencia contra las mujeres se est\u00e1 abordando en numerosos frentes, pero <strong>falta poner en marcha con los medios de comunicaci\u00f3n un protocolo de actuaci\u00f3n por parte del Ministerio del Interior, con el fin de que los medios dispongan de las im\u00e1genes y testimonios necesarios que eviten convertir los feminicidios en simples noticias de sucesos.<\/strong><\/span><\/p>\n<p align=\"JUSTIFY\"><span style=\"color: #000000;\">Elena Bandr\u00e9s expuso esto hace unos d\u00edas en un seminario virtual, con resultados de sus investigaciones con el grupo Gicid\u00a0 de la Universidad de Zaragoza.<\/span><\/p>\n<p align=\"JUSTIFY\"><span style=\"color: #000000;\">Foto: Nino Car\u00e8 @ninocare<\/span><\/p>\n","protected":false},"excerpt":{"rendered":"<p>Por Elena Bandr\u00e9s @Meleban \u201cLa violencia contra las mujeres y ni\u00f1as es una de las violaciones de los derechos humanos m\u00e1s extendidas, persistentes y devastadoras del mundo actual\u201d, afirma la ONU. Dentro de los tipos de violencia reconocido por este organismo, el feminicidio, definido por la RAE como \u201casesinato de una mujer a manos de un hombre por machismo o misoginia\u201d, supone la punta de un iceberg esculpido durante siglos con patrones culturales que siguen anclados en nuestra base social. Por lo tanto, un asesinato machista no es una simple noticia de sucesos, por lo que no puede ser tratada igual. Sin embargo, los medios de comunicaci\u00f3n siguen las mismas pautas para los dos casos, salvo en un detalle. En las noticias de sucesos aparece en la mayor\u00eda de las veces la imagen del presunto asesino, mientras que no ocurre lo mismo en las informaciones de violencia de g\u00e9nero. La utilizaci\u00f3n de la imagen de la v\u00edctima, los testimonios irrelevantes del vecindario, que muchas veces justifican de manera inconsciente el hecho delictivo, y la transmisi\u00f3n de im\u00e1genes y declaraciones, a veces poco convincentes, de las autoridades cortocircuitan los procesos para generar la primera condici\u00f3n por la que un crimen debe ser rechazado: conciencia social. La conciencia social necesaria e indispensable no s\u00f3lo para condenar estos cr\u00edmenes de terrorismo machista, sino para asumir que los feminicidios afectan al cien por cien de la sociedad, no s\u00f3lo a la mujer asesinada y a su familia. En este sentido, llama la atenci\u00f3n que este tipo de relato no se aplique por igual cuando el asesinado es un hombre y la naturaleza del delito se circunscribe a otros terrorismos. Tras analizar las informaciones recogidas en los diferentes medios de comunicaci\u00f3n, se puede afirmar que los medios han renunciado a su papel como &#8216;formadores de conductas&#8217;, por dos razones: por la falta de un m\u00e9todo adecuado que evite caer en estos errores y por la ausencia de un protocolo de actuaci\u00f3n que los diferentes gobiernos de Espa\u00f1a s\u00ed que han puesto en marcha con otro tipo de cr\u00edmenes. En 2004 se promulg\u00f3 la primera Ley Integral contra la Violencia de G\u00e9nero y, tras la adopci\u00f3n de numerosas y diferentes iniciativas judiciales, educativas y sociales por los diferentes gobiernos sucedidos en el Estado Espa\u00f1ol, as\u00ed como en todas las Comunidades Aut\u00f3nomas, una serie de hombres siguen matando a las mujeres cuando su relaci\u00f3n sentimental deja de funcionar. La violencia contra las mujeres se est\u00e1 abordando en numerosos frentes, pero falta poner en marcha con los medios de comunicaci\u00f3n un protocolo de actuaci\u00f3n por parte del Ministerio del Interior, con el fin de que los medios dispongan de las im\u00e1genes y testimonios necesarios que eviten convertir los feminicidios en simples noticias de sucesos. Elena Bandr\u00e9s expuso esto hace unos d\u00edas en un seminario virtual, con resultados de sus investigaciones con el grupo Gicid\u00a0 de la Universidad de Zaragoza. Foto: Nino Car\u00e8 @ninocare<\/p>\n","protected":false},"author":1,"featured_media":1962,"comment_status":"open","ping_status":"open","sticky":false,"template":"","format":"standard","meta":[],"categories":[150],"tags":[282,291,284,289,292,288,281,287,130,286,283,293,285,290,294,117],"_links":{"self":[{"href":"http:\/\/www.periodistasporlaigualdad.org\/index.php?rest_route=\/wp\/v2\/posts\/1961"}],"collection":[{"href":"http:\/\/www.periodistasporlaigualdad.org\/index.php?rest_route=\/wp\/v2\/posts"}],"about":[{"href":"http:\/\/www.periodistasporlaigualdad.org\/index.php?rest_route=\/wp\/v2\/types\/post"}],"author":[{"embeddable":true,"href":"http:\/\/www.periodistasporlaigualdad.org\/index.php?rest_route=\/wp\/v2\/users\/1"}],"replies":[{"embeddable":true,"href":"http:\/\/www.periodistasporlaigualdad.org\/index.php?rest_route=%2Fwp%2Fv2%2Fcomments&post=1961"}],"version-history":[{"count":4,"href":"http:\/\/www.periodistasporlaigualdad.org\/index.php?rest_route=\/wp\/v2\/posts\/1961\/revisions"}],"predecessor-version":[{"id":1966,"href":"http:\/\/www.periodistasporlaigualdad.org\/index.php?rest_route=\/wp\/v2\/posts\/1961\/revisions\/1966"}],"wp:featuredmedia":[{"embeddable":true,"href":"http:\/\/www.periodistasporlaigualdad.org\/index.php?rest_route=\/wp\/v2\/media\/1962"}],"wp:attachment":[{"href":"http:\/\/www.periodistasporlaigualdad.org\/index.php?rest_route=%2Fwp%2Fv2%2Fmedia&parent=1961"}],"wp:term":[{"taxonomy":"category","embeddable":true,"href":"http:\/\/www.periodistasporlaigualdad.org\/index.php?rest_route=%2Fwp%2Fv2%2Fcategories&post=1961"},{"taxonomy":"post_tag","embeddable":true,"href":"http:\/\/www.periodistasporlaigualdad.org\/index.php?rest_route=%2Fwp%2Fv2%2Ftags&post=1961"}],"curies":[{"name":"wp","href":"https:\/\/api.w.org\/{rel}","templated":true}]}}