{"id":1968,"date":"2020-05-22T17:16:19","date_gmt":"2020-05-22T17:16:19","guid":{"rendered":"http:\/\/www.periodistasporlaigualdad.org\/?p=1968"},"modified":"2023-03-23T11:01:30","modified_gmt":"2023-03-23T11:01:30","slug":"como-informar-de-violencia-de-genero-en-plena-crisis-social","status":"publish","type":"post","link":"http:\/\/www.periodistasporlaigualdad.org\/?p=1968","title":{"rendered":"C\u00d3MO INFORMAR DE VIOLENCIA DE G\u00c9NERO EN PLENA CRISIS SOCIAL"},"content":{"rendered":"<p><span style=\"color: #000000;\">Por Elena Bandr\u00e9s, profesora\u00a0 Grado de Periodismo-Universidad de Zaragoza<\/span><\/p>\n<p><span style=\"font-weight: 400; color: #000000;\">La violencia contra las mujeres se est\u00e1 abordando desde numerosos frentes pero, desde el punto de vista informativo, falta poner en marcha con los medios de comunicaci\u00f3n un protocolo de actuaci\u00f3n por parte del Ministerio del Interior y el Ministerio de Igualdad con el fin de que los medios dispongan de las <strong>im\u00e1genes y testimonios necesarios que eviten convertir los feminicidios en simples noticias de sucesos<\/strong>. Es decir, que puedan contar con el mismo tipo de im\u00e1genes de la detenci\u00f3n y seguimiento policial y judicial que las Fuerzas y Cuerpos de Seguridad del Estado suministran en otro tipo de detenciones. Actualmente, no s\u00f3lo no se suministran sino que la informaci\u00f3n protege la identidad del autor confeso, en la inmensa mayor\u00eda de las noticias, mientras que no ocurre igual en otro tipo de sucesos en los que el Estado entrega a los medios de comunicaci\u00f3n las im\u00e1genes de la detenci\u00f3n del autor. Desde el punto de vista de la narrativa audiovisual, se evidencia una doble vara de medir: el Estado protege a toda la sociedad cuando exhibe sus detenciones en otro tipo de terrorismos y de sucesos pero, en el caso de un asesinato machista, esta \u201cprotecci\u00f3n\u201d se circunscribe al momento en el que las Fuerzas y Cuerpos de Seguridad se mantienen alrededor del furg\u00f3n de la morgue en el que se introduce el cad\u00e1ver.\u00a0<\/span><\/p>\n<p><span style=\"font-weight: 400; color: #000000;\">En las informaciones sobre asesinatos de violencia machista se cortocircuitan los procesos para generar la primera condici\u00f3n por la que un crimen debe ser rechazado: conciencia social, con la utilizaci\u00f3n de la imagen de la v\u00edctima, los testimonios irrelevantes del vecindario, que muchas veces justifican de manera inconsciente el hecho delictivo y la transmisi\u00f3n de im\u00e1genes y declaraciones, a veces poco convincentes, de las autoridades. Brilla por su ausencia la concienciaci\u00f3n social necesaria e indispensable no s\u00f3lo para condenar estos cr\u00edmenes de terrorismo machista, sino para asumir que <strong>los feminicidios afectan al cien por cien de la sociedad, no s\u00f3lo a la mujer asesinada y a su familia<\/strong>. Por lo que llama la atenci\u00f3n que este tipo de relato no se aplique por igual cuando el asesinado es un hombre y la naturaleza del delito se circunscribe en otro tipo de terrorismos.\u00a0<\/span><\/p>\n<p><span style=\"font-weight: 400; color: #000000;\">Tras analizar las informaciones recogidas en los diferentes medios de comunicaci\u00f3n, se puede afirmar que los medios han renunciado a su papel como &#8216;formadores de conductas&#8217;, por dos razones: por la falta de un m\u00e9todo adecuado que evite caer en estos errores y por la ausencia de un protocolo de actuaci\u00f3n que, los diferentes gobiernos de Espa\u00f1a, s\u00ed que han puesto en marcha con otro tipo de cr\u00edmenes.\u00a0\u00a0<\/span><\/p>\n<p><span style=\"font-weight: 400; color: #000000;\">En 2004 se promulg\u00f3 la primera Ley Integral contra la Violencia de G\u00e9nero y tras la adopci\u00f3n de numerosas y diferentes iniciativas judiciales, educativas y sociales por los diferentes gobiernos sucedidos en el Estado Espa\u00f1ol, as\u00ed como en todas las Comunidades Aut\u00f3nomas, una serie de hombres siguen matando a las mujeres cuando su relaci\u00f3n sentimental deja de funcionar.\u00a0 En 2007 tuvo lugar un encuentro entre Gobierno y medios de comunicaci\u00f3n para evitar el morbo y amarillismo en este tipo de noticias pero, tras la adopci\u00f3n de numerosos c\u00f3digos de autorregulaci\u00f3n por parte de los medios, parad\u00f3jicamente <strong>la narrativa actual sigue victimizando doblemente a la mujer asesinada, mientras que envuelve al autor de los hechos en un halo de enajenaci\u00f3n mental transitoria<\/strong>, a pesar de todos los intentos llevados a cabo para evitar lo contrario.<\/span><\/p>\n<p><span style=\"font-weight: 400; color: #000000;\"><strong>\u201cLa violencia contra las mujeres y ni\u00f1as es una de las violaciones de los derechos humanos m\u00e1s extendidas, persistentes y devastadoras del mundo actual\u201d, afirma la ONU<\/strong>. Sabemos que el feminicidio, definido como \u201casesinato de una mujer a manos de un hombre por machismo o misoginia\u201d supone la punta de un iceberg formado durante siglos con patrones culturales que siguen anclados en nuestra base social. Pero ya es hora de asumir que un asesinato machista no puede seguir narr\u00e1ndose igual que una noticia de sucesos, en donde el morbo se sigue apoderando de este tipo de informaciones. La firma de un protocolo de actuaci\u00f3n entre Gobierno y Medios de Comunicaci\u00f3n para suministrar las im\u00e1genes de la detenci\u00f3n y la disposici\u00f3n de diferentes profesionales para condenar estos hechos eliminar\u00eda la desigualdad reflejada en estos dos tipos de noticias.<\/span><\/p>\n","protected":false},"excerpt":{"rendered":"<p>Por Elena Bandr\u00e9s, profesora\u00a0 Grado de Periodismo-Universidad de Zaragoza La violencia contra las mujeres se est\u00e1 abordando desde numerosos frentes pero, desde el punto de vista informativo, falta poner en marcha con los medios de comunicaci\u00f3n un protocolo de actuaci\u00f3n por parte del Ministerio del Interior y el Ministerio de Igualdad con el fin de que los medios dispongan de las im\u00e1genes y testimonios necesarios que eviten convertir los feminicidios en simples noticias de sucesos. Es decir, que puedan contar con el mismo tipo de im\u00e1genes de la detenci\u00f3n y seguimiento policial y judicial que las Fuerzas y Cuerpos de Seguridad del Estado suministran en otro tipo de detenciones. Actualmente, no s\u00f3lo no se suministran sino que la informaci\u00f3n protege la identidad del autor confeso, en la inmensa mayor\u00eda de las noticias, mientras que no ocurre igual en otro tipo de sucesos en los que el Estado entrega a los medios de comunicaci\u00f3n las im\u00e1genes de la detenci\u00f3n del autor. Desde el punto de vista de la narrativa audiovisual, se evidencia una doble vara de medir: el Estado protege a toda la sociedad cuando exhibe sus detenciones en otro tipo de terrorismos y de sucesos pero, en el caso de un asesinato machista, esta \u201cprotecci\u00f3n\u201d se circunscribe al momento en el que las Fuerzas y Cuerpos de Seguridad se mantienen alrededor del furg\u00f3n de la morgue en el que se introduce el cad\u00e1ver.\u00a0 En las informaciones sobre asesinatos de violencia machista se cortocircuitan los procesos para generar la primera condici\u00f3n por la que un crimen debe ser rechazado: conciencia social, con la utilizaci\u00f3n de la imagen de la v\u00edctima, los testimonios irrelevantes del vecindario, que muchas veces justifican de manera inconsciente el hecho delictivo y la transmisi\u00f3n de im\u00e1genes y declaraciones, a veces poco convincentes, de las autoridades. Brilla por su ausencia la concienciaci\u00f3n social necesaria e indispensable no s\u00f3lo para condenar estos cr\u00edmenes de terrorismo machista, sino para asumir que los feminicidios afectan al cien por cien de la sociedad, no s\u00f3lo a la mujer asesinada y a su familia. Por lo que llama la atenci\u00f3n que este tipo de relato no se aplique por igual cuando el asesinado es un hombre y la naturaleza del delito se circunscribe en otro tipo de terrorismos.\u00a0 Tras analizar las informaciones recogidas en los diferentes medios de comunicaci\u00f3n, se puede afirmar que los medios han renunciado a su papel como &#8216;formadores de conductas&#8217;, por dos razones: por la falta de un m\u00e9todo adecuado que evite caer en estos errores y por la ausencia de un protocolo de actuaci\u00f3n que, los diferentes gobiernos de Espa\u00f1a, s\u00ed que han puesto en marcha con otro tipo de cr\u00edmenes.\u00a0\u00a0 En 2004 se promulg\u00f3 la primera Ley Integral contra la Violencia de G\u00e9nero y tras la adopci\u00f3n de numerosas y diferentes iniciativas judiciales, educativas y sociales por los diferentes gobiernos sucedidos en el Estado Espa\u00f1ol, as\u00ed como en todas las Comunidades Aut\u00f3nomas, una serie de hombres siguen matando a las mujeres cuando su relaci\u00f3n sentimental deja de funcionar.\u00a0 En 2007 tuvo lugar un encuentro entre Gobierno y medios de comunicaci\u00f3n para evitar el morbo y amarillismo en [&hellip;]<\/p>\n","protected":false},"author":1,"featured_media":1969,"comment_status":"open","ping_status":"open","sticky":false,"template":"","format":"standard","meta":[],"categories":[150],"tags":[282,298,281,296,297,187,151,185,295],"_links":{"self":[{"href":"http:\/\/www.periodistasporlaigualdad.org\/index.php?rest_route=\/wp\/v2\/posts\/1968"}],"collection":[{"href":"http:\/\/www.periodistasporlaigualdad.org\/index.php?rest_route=\/wp\/v2\/posts"}],"about":[{"href":"http:\/\/www.periodistasporlaigualdad.org\/index.php?rest_route=\/wp\/v2\/types\/post"}],"author":[{"embeddable":true,"href":"http:\/\/www.periodistasporlaigualdad.org\/index.php?rest_route=\/wp\/v2\/users\/1"}],"replies":[{"embeddable":true,"href":"http:\/\/www.periodistasporlaigualdad.org\/index.php?rest_route=%2Fwp%2Fv2%2Fcomments&post=1968"}],"version-history":[{"count":2,"href":"http:\/\/www.periodistasporlaigualdad.org\/index.php?rest_route=\/wp\/v2\/posts\/1968\/revisions"}],"predecessor-version":[{"id":2565,"href":"http:\/\/www.periodistasporlaigualdad.org\/index.php?rest_route=\/wp\/v2\/posts\/1968\/revisions\/2565"}],"wp:featuredmedia":[{"embeddable":true,"href":"http:\/\/www.periodistasporlaigualdad.org\/index.php?rest_route=\/wp\/v2\/media\/1969"}],"wp:attachment":[{"href":"http:\/\/www.periodistasporlaigualdad.org\/index.php?rest_route=%2Fwp%2Fv2%2Fmedia&parent=1968"}],"wp:term":[{"taxonomy":"category","embeddable":true,"href":"http:\/\/www.periodistasporlaigualdad.org\/index.php?rest_route=%2Fwp%2Fv2%2Fcategories&post=1968"},{"taxonomy":"post_tag","embeddable":true,"href":"http:\/\/www.periodistasporlaigualdad.org\/index.php?rest_route=%2Fwp%2Fv2%2Ftags&post=1968"}],"curies":[{"name":"wp","href":"https:\/\/api.w.org\/{rel}","templated":true}]}}