{"id":1974,"date":"2020-06-12T11:51:47","date_gmt":"2020-06-12T11:51:47","guid":{"rendered":"http:\/\/www.periodistasporlaigualdad.org\/?p=1974"},"modified":"2020-06-15T11:17:14","modified_gmt":"2020-06-15T11:17:14","slug":"las-artistas-se-unen-en-busca-de-visibilidad","status":"publish","type":"post","link":"http:\/\/www.periodistasporlaigualdad.org\/?p=1974","title":{"rendered":"LAS ARTISTAS SE UNEN EN BUSCA DE VISIBILIDAD"},"content":{"rendered":"<p><span style=\"color: #000000;\">\u201cEl arte feminista es participativo\u201d, dicen las representantes de la Plataforma de Mujeres en el Arte Contempor\u00e1neo (PMAC), <strong>autoras de la muestra colectiva que estos d\u00edas se exhibe en el Museo Pablo Serrano de Zaragoza<\/strong>. Con ella proponen una \u201crenovaci\u00f3n est\u00e9tica y pol\u00edtica de las im\u00e1genes\u201d, algo que, seg\u00fan ellas, se logra con \u201cmetodolog\u00edas participativas\u201d y \u201cpr\u00e1cticas art\u00edsticas colaborativas\u201d. La exposici\u00f3n clama por s\u00ed sola.<\/span><\/p>\n<p><span style=\"color: #000000;\">PMAC es una entidad sin \u00e1nimo de lucro que trabaja para<strong> \u201cvisibilizar\u201d a las artistas, \u201creivindicar\u201d su lugar en el \u00e1mbito cultural y \u201cdignificar el trabajo de las mujeres y sujetos de identidades no hegem\u00f3nicas\u201d<\/strong>. Piensan que en el mundo del arte hay \u201cun gran n\u00famero de creadoras sometidas a criterios y actuaciones masculinizadas\u201d. Periodistas por la Igualdad nos reunimos con ellas para apoyarlas en sus reivindicaciones y saber mejor c\u00f3mo cambiar su situaci\u00f3n desde la pr\u00e1ctica del periodismo.<\/span><\/p>\n<p><span style=\"color: #000000;\"><strong>Piden a los medios de comunicaci\u00f3n m\u00e1s visibilidad<\/strong>, m\u00e1s espacio para el arte realizado por mujeres. \u201cNo queremos ser la cuota\u201d, nos dec\u00edan. Y reconocen que los hombres artistas gozan de m\u00e1s oportunidades, como en todo, mientras que \u201cnosotras tenemos siempre que justificar mucho m\u00e1s nuestro trabajo\u201d. Vivir del arte es dif\u00edcil; para las mujeres es imposible.<\/span><\/p>\n<p><span style=\"color: #000000;\">De ah\u00ed la creaci\u00f3n de esta Plataforma de artistas que, justo antes del confinamiento por la pandemia de coronavirus, se estren\u00f3 con un ciclo de cine, talleres de creaci\u00f3n feminista y otras exposiciones. Son <strong>Myriam Moreno Bellido, Isabel Julve Blasco, Marian Royo Carceller, Charo Costa Blasco, Alejandra Rodr\u00edguez Cunchillos, Paula Gonzalo Les, Mar\u00eda Romero Alves, Mar\u00eda Blasco Cubas y Cristina Aznar Jord\u00e1n<\/strong>. Quieren retomar la lucha de las Guerrilla Girls que se manifestaron en 1985 frente a las puertas del MOMA de Nueva York para exigir representaci\u00f3n de las mujeres en el mundo del arte.<\/span><\/p>\n<p><span style=\"color: #000000;\">Denuncian que \u201cel discurso art\u00edstico androc\u00e9ntrico ha naturalizado y, con ello, legitimado la violaci\u00f3n de los derechos humanos de las mujeres y de otros sujetos de identidades no hegem\u00f3nicas\u201d. Y desde PMAC quieren forzar, de manera urgente, <strong>\u201cnuevas pol\u00edticas culturales y educativas que legitimen los imaginarios feministas, transfeministas y queer en los \u00e1mbitos universitarios y muse\u00edsticos\u201d<\/strong>.<\/span><\/p>\n<p><a href=\"http:\/\/www.periodistasporlaigualdad.org\/2020\/06\/12\/las-artistas-se-unen-en-busca-de-visibilidad\/img-20200611-wa0006\/\" rel=\"attachment wp-att-1979\"><img decoding=\"async\" loading=\"lazy\" class=\"wp-image-1979 alignnone\" src=\"http:\/\/www.periodistasporlaigualdad.org\/wp-content\/uploads\/2020\/06\/IMG-20200611-WA0006.jpg\" alt=\"\" width=\"335\" height=\"509\" \/><\/a> <a href=\"http:\/\/www.periodistasporlaigualdad.org\/2020\/06\/12\/las-artistas-se-unen-en-busca-de-visibilidad\/img-20200611-wa0007\/\" rel=\"attachment wp-att-1980\"><img decoding=\"async\" loading=\"lazy\" class=\"wp-image-1980 alignnone\" src=\"http:\/\/www.periodistasporlaigualdad.org\/wp-content\/uploads\/2020\/06\/IMG-20200611-WA0007.jpg\" alt=\"\" width=\"340\" height=\"766\" \/><\/a> <a href=\"http:\/\/www.periodistasporlaigualdad.org\/2020\/06\/12\/las-artistas-se-unen-en-busca-de-visibilidad\/img-20200611-wa0009\/\" rel=\"attachment wp-att-1981\"><img decoding=\"async\" loading=\"lazy\" class=\"wp-image-1981 alignnone\" src=\"http:\/\/www.periodistasporlaigualdad.org\/wp-content\/uploads\/2020\/06\/IMG-20200611-WA0009.jpg\" alt=\"\" width=\"372\" height=\"685\" \/><\/a><a href=\"http:\/\/www.periodistasporlaigualdad.org\/2020\/06\/12\/las-artistas-se-unen-en-busca-de-visibilidad\/edit_dsf1746\/\" rel=\"attachment wp-att-1986\"><img decoding=\"async\" loading=\"lazy\" width=\"6000\" height=\"4000\" class=\"aligncenter size-full wp-image-1986\" src=\"http:\/\/www.periodistasporlaigualdad.org\/wp-content\/uploads\/2020\/06\/edit_DSF1746.jpg\" alt=\"\" srcset=\"http:\/\/www.periodistasporlaigualdad.org\/wp-content\/uploads\/2020\/06\/edit_DSF1746.jpg 6000w, http:\/\/www.periodistasporlaigualdad.org\/wp-content\/uploads\/2020\/06\/edit_DSF1746-300x200.jpg 300w, http:\/\/www.periodistasporlaigualdad.org\/wp-content\/uploads\/2020\/06\/edit_DSF1746-768x512.jpg 768w, http:\/\/www.periodistasporlaigualdad.org\/wp-content\/uploads\/2020\/06\/edit_DSF1746-1024x683.jpg 1024w, http:\/\/www.periodistasporlaigualdad.org\/wp-content\/uploads\/2020\/06\/edit_DSF1746-958x639.jpg 958w, http:\/\/www.periodistasporlaigualdad.org\/wp-content\/uploads\/2020\/06\/edit_DSF1746-600x400.jpg 600w, http:\/\/www.periodistasporlaigualdad.org\/wp-content\/uploads\/2020\/06\/edit_DSF1746-272x182.jpg 272w\" sizes=\"(max-width: 6000px) 100vw, 6000px\" \/><\/a><a href=\"http:\/\/www.periodistasporlaigualdad.org\/2020\/06\/12\/las-artistas-se-unen-en-busca-de-visibilidad\/edit_dsf1743\/\" rel=\"attachment wp-att-1987\"><img decoding=\"async\" loading=\"lazy\" width=\"6000\" height=\"4000\" class=\"aligncenter size-full wp-image-1987\" src=\"http:\/\/www.periodistasporlaigualdad.org\/wp-content\/uploads\/2020\/06\/edit_DSF1743.jpg\" alt=\"\" srcset=\"http:\/\/www.periodistasporlaigualdad.org\/wp-content\/uploads\/2020\/06\/edit_DSF1743.jpg 6000w, http:\/\/www.periodistasporlaigualdad.org\/wp-content\/uploads\/2020\/06\/edit_DSF1743-300x200.jpg 300w, http:\/\/www.periodistasporlaigualdad.org\/wp-content\/uploads\/2020\/06\/edit_DSF1743-768x512.jpg 768w, http:\/\/www.periodistasporlaigualdad.org\/wp-content\/uploads\/2020\/06\/edit_DSF1743-1024x683.jpg 1024w, http:\/\/www.periodistasporlaigualdad.org\/wp-content\/uploads\/2020\/06\/edit_DSF1743-958x639.jpg 958w, http:\/\/www.periodistasporlaigualdad.org\/wp-content\/uploads\/2020\/06\/edit_DSF1743-600x400.jpg 600w, http:\/\/www.periodistasporlaigualdad.org\/wp-content\/uploads\/2020\/06\/edit_DSF1743-272x182.jpg 272w\" sizes=\"(max-width: 6000px) 100vw, 6000px\" \/><\/a><\/p>\n<p>&nbsp;<\/p>\n","protected":false},"excerpt":{"rendered":"<p>\u201cEl arte feminista es participativo\u201d, dicen las representantes de la Plataforma de Mujeres en el Arte Contempor\u00e1neo (PMAC), autoras de la muestra colectiva que estos d\u00edas se exhibe en el Museo Pablo Serrano de Zaragoza. Con ella proponen una \u201crenovaci\u00f3n est\u00e9tica y pol\u00edtica de las im\u00e1genes\u201d, algo que, seg\u00fan ellas, se logra con \u201cmetodolog\u00edas participativas\u201d y \u201cpr\u00e1cticas art\u00edsticas colaborativas\u201d. La exposici\u00f3n clama por s\u00ed sola. PMAC es una entidad sin \u00e1nimo de lucro que trabaja para \u201cvisibilizar\u201d a las artistas, \u201creivindicar\u201d su lugar en el \u00e1mbito cultural y \u201cdignificar el trabajo de las mujeres y sujetos de identidades no hegem\u00f3nicas\u201d. Piensan que en el mundo del arte hay \u201cun gran n\u00famero de creadoras sometidas a criterios y actuaciones masculinizadas\u201d. Periodistas por la Igualdad nos reunimos con ellas para apoyarlas en sus reivindicaciones y saber mejor c\u00f3mo cambiar su situaci\u00f3n desde la pr\u00e1ctica del periodismo. Piden a los medios de comunicaci\u00f3n m\u00e1s visibilidad, m\u00e1s espacio para el arte realizado por mujeres. \u201cNo queremos ser la cuota\u201d, nos dec\u00edan. Y reconocen que los hombres artistas gozan de m\u00e1s oportunidades, como en todo, mientras que \u201cnosotras tenemos siempre que justificar mucho m\u00e1s nuestro trabajo\u201d. Vivir del arte es dif\u00edcil; para las mujeres es imposible. De ah\u00ed la creaci\u00f3n de esta Plataforma de artistas que, justo antes del confinamiento por la pandemia de coronavirus, se estren\u00f3 con un ciclo de cine, talleres de creaci\u00f3n feminista y otras exposiciones. Son Myriam Moreno Bellido, Isabel Julve Blasco, Marian Royo Carceller, Charo Costa Blasco, Alejandra Rodr\u00edguez Cunchillos, Paula Gonzalo Les, Mar\u00eda Romero Alves, Mar\u00eda Blasco Cubas y Cristina Aznar Jord\u00e1n. Quieren retomar la lucha de las Guerrilla Girls que se manifestaron en 1985 frente a las puertas del MOMA de Nueva York para exigir representaci\u00f3n de las mujeres en el mundo del arte. Denuncian que \u201cel discurso art\u00edstico androc\u00e9ntrico ha naturalizado y, con ello, legitimado la violaci\u00f3n de los derechos humanos de las mujeres y de otros sujetos de identidades no hegem\u00f3nicas\u201d. Y desde PMAC quieren forzar, de manera urgente, \u201cnuevas pol\u00edticas culturales y educativas que legitimen los imaginarios feministas, transfeministas y queer en los \u00e1mbitos universitarios y muse\u00edsticos\u201d. &nbsp;<\/p>\n","protected":false},"author":1,"featured_media":1976,"comment_status":"open","ping_status":"open","sticky":false,"template":"","format":"standard","meta":[],"categories":[1],"tags":[299,304,302,308,309,130,307,300,303,301,306,305,311,310,121],"_links":{"self":[{"href":"http:\/\/www.periodistasporlaigualdad.org\/index.php?rest_route=\/wp\/v2\/posts\/1974"}],"collection":[{"href":"http:\/\/www.periodistasporlaigualdad.org\/index.php?rest_route=\/wp\/v2\/posts"}],"about":[{"href":"http:\/\/www.periodistasporlaigualdad.org\/index.php?rest_route=\/wp\/v2\/types\/post"}],"author":[{"embeddable":true,"href":"http:\/\/www.periodistasporlaigualdad.org\/index.php?rest_route=\/wp\/v2\/users\/1"}],"replies":[{"embeddable":true,"href":"http:\/\/www.periodistasporlaigualdad.org\/index.php?rest_route=%2Fwp%2Fv2%2Fcomments&post=1974"}],"version-history":[{"count":7,"href":"http:\/\/www.periodistasporlaigualdad.org\/index.php?rest_route=\/wp\/v2\/posts\/1974\/revisions"}],"predecessor-version":[{"id":1988,"href":"http:\/\/www.periodistasporlaigualdad.org\/index.php?rest_route=\/wp\/v2\/posts\/1974\/revisions\/1988"}],"wp:featuredmedia":[{"embeddable":true,"href":"http:\/\/www.periodistasporlaigualdad.org\/index.php?rest_route=\/wp\/v2\/media\/1976"}],"wp:attachment":[{"href":"http:\/\/www.periodistasporlaigualdad.org\/index.php?rest_route=%2Fwp%2Fv2%2Fmedia&parent=1974"}],"wp:term":[{"taxonomy":"category","embeddable":true,"href":"http:\/\/www.periodistasporlaigualdad.org\/index.php?rest_route=%2Fwp%2Fv2%2Fcategories&post=1974"},{"taxonomy":"post_tag","embeddable":true,"href":"http:\/\/www.periodistasporlaigualdad.org\/index.php?rest_route=%2Fwp%2Fv2%2Ftags&post=1974"}],"curies":[{"name":"wp","href":"https:\/\/api.w.org\/{rel}","templated":true}]}}