{"id":2037,"date":"2021-04-29T16:58:33","date_gmt":"2021-04-29T16:58:33","guid":{"rendered":"http:\/\/www.periodistasporlaigualdad.org\/?p=2037"},"modified":"2021-04-30T08:34:56","modified_gmt":"2021-04-30T08:34:56","slug":"sexualidad-como-nos-informamos","status":"publish","type":"post","link":"http:\/\/www.periodistasporlaigualdad.org\/?p=2037","title":{"rendered":"Sexualidad. \u00bfC\u00f3mo (nos) informamos?"},"content":{"rendered":"<p><span style=\"color: #000000;\">Con el t\u00edtulo <strong>inSEX<\/strong> se van a celebrar, los pr\u00f3ximos <strong>14 y 15 de mayo,<\/strong> en Huesca y Zaragoza, las primeras Jornadas sobre sexualidad organizadas por la Asociaci\u00f3n de Periodistas por la Igualdad y el <a href=\"https:\/\/www.aragon.es\/organismos\/departamento-de-presidencia-y-relaciones-institucionales\/instituto-aragones-de-la-mujer-iam-\">Instituto Aragon\u00e9s de la Mujer<\/a> (IAM). \u00bfC\u00f3mo (nos) informamos de sexualidad? es el tema que centrar\u00e1 el evento. Se trata de responder al <strong>derecho a la informaci\u00f3n de la ciudadan\u00eda,<\/strong> analizando qu\u00e9 se cuenta, cu\u00e1les son las fuentes y cu\u00e1les los canales por los que esa informaci\u00f3n discurre.<\/span><\/p>\n<p>&nbsp;<\/p>\n<p><span style=\"color: #000000;\">Ser\u00e1 un foro de reflexi\u00f3n y debate sobre sexualidad con presencia de sex\u00f3logas, psicoterapeutas, psic\u00f3logas, educadoras afectivo sexuales, fisioterapeutas y periodistas, todas ellas <strong>coordinadas por nuestra socia Ana Rosa Maza<\/strong>, autora del proyecto &#8216;T\u00f3cate Mucho&#8217;. Esto suceder\u00e1 el s\u00e1bado 15 por la tarde en el <a href=\"https:\/\/www.huesca.es\/-\/centro-civico-santiago-escartin-otin?redirect=\/areas\/cultura\/centros-culturales\">Centro C\u00edvico Santiago Escart\u00edn<\/a> de Huesca.<\/span><\/p>\n<p>&nbsp;<\/p>\n<p><span style=\"color: #000000;\">Antes, <strong>el viernes 14 de mayo<\/strong>, en Zaragoza, se inauguran las Jornadas inSEX con la presentaci\u00f3n del libro <strong>&#8216;<a href=\"https:\/\/www.eldiario.es\/sociedad\/feminismo-vibrante-si-no-hay-placer-no-revolucion_1_6201334.html\">Feminismo Vibrante<\/a>&#8216; (<a href=\"https:\/\/www.rocalibros.com\/roca-editorial\/catalogo\/Ana+Requena\/Feminismo+vibrante\">Roca Editorial<\/a><\/strong><b>) <\/b><strong>de la periodista Ana Requena<\/strong>, redactora jefa de G\u00e9nero de eldiario.es. Es un ensayo que reivindica un feminismo ligado al derecho al placer, al relato del deseo, a la autonom\u00eda sexual y el derecho de las mujeres como sujetos de sexo, todo ello frente al terror sexual. Requena nos espera el 14 de mayo <strong>en la Sala Pilar Sinu\u00e9s del <a href=\"https:\/\/www.unizar.es\/institucion\/historia\/edificio-paraninfo\">Paraninfo<\/a><\/strong> zaragozano, a las 18:30 horas.<\/span><\/p>\n<p>&nbsp;<\/p>\n<p><span style=\"color: #000000;\">Y para la ma\u00f1ana del <strong>s\u00e1bado 15<\/strong>, inSEX nos reserva, ya <strong>en Huesca<\/strong>, una ma\u00f1ana de <strong>&#8216;Placeres sin edad&#8217;, un taller que impartir\u00e1 la cooperativa <a href=\"https:\/\/desmontandoalapili.com\/\">Desmontando a la Pili<\/a><\/strong>, dentro del programa municipal G\u00e9nero y Salud en colaboraci\u00f3n con el Ayuntamiento de la capital oscense. Una actividad para abordar la diversidad del cuerpo sexuado a lo largo de toda la vida y la opci\u00f3n factible del empoderamiento de las mujeres a trav\u00e9s de la propia sexualidad.<\/span><\/p>\n<p>&nbsp;<\/p>\n<p><a href=\"http:\/\/www.periodistasporlaigualdad.org\/2021\/04\/29\/sexualidad-como-nos-informamos\/cartel-insex-sin-programa-def\/\" rel=\"attachment wp-att-2038\"><img decoding=\"async\" loading=\"lazy\" class=\"wp-image-2038 alignright\" src=\"http:\/\/www.periodistasporlaigualdad.org\/wp-content\/uploads\/2021\/04\/cartel-inSEX-sin-programa-DEF.jpg\" alt=\"\" width=\"381\" height=\"506\" \/><\/a><\/p>\n<p><span style=\"color: #000000;\">No te pierdas este importante <strong>foro de visibilizaci\u00f3n de la sexualidad y de an\u00e1lisis de la informaci\u00f3n que hemos manejado<\/strong><\/span><span style=\"color: #000000;\"><strong> hasta ahora<\/strong>, la que se vierte a la sociedad desde los medios de comunicaci\u00f3n y otros canales. En concreto las mujeres han hallado hist\u00f3ricamente limitaciones, barreras al conocimiento y la expresi\u00f3n libre de la sexualidad. Y con esto quiere acabar inSEX.<\/span><\/p>\n<p>&nbsp;<\/p>\n<p><span style=\"color: #000000;\">En su primera edici\u00f3n, las periodistas que han organizado\u00a0<strong>inSEX junto al IAM cuentan con la colaboraci\u00f3n de<\/strong>l <a href=\"https:\/\/www.huesca.es\">Ayuntamiento de Huesca y<\/a>\u00a0del Vicerrectorado de Cultura y Proyecci\u00f3n Social de la <a href=\"https:\/\/www.unizar.es\">Universidad de Zaragoza<\/a>, y el apoyo de la <a href=\"http:\/\/www.libreriasdezaragoza.com\/la-asociacion\">Asociaci\u00f3n de Librer\u00edas de Zaragoza<\/a> y el Centro Social Librer\u00eda<a href=\"https:\/\/www.lapanterarossa.net\"> La Pantera Rossa<\/a>.<\/span><\/p>\n","protected":false},"excerpt":{"rendered":"<p>Con el t\u00edtulo inSEX se van a celebrar, los pr\u00f3ximos 14 y 15 de mayo, en Huesca y Zaragoza, las primeras Jornadas sobre sexualidad organizadas por la Asociaci\u00f3n de Periodistas por la Igualdad y el Instituto Aragon\u00e9s de la Mujer (IAM). \u00bfC\u00f3mo (nos) informamos de sexualidad? es el tema que centrar\u00e1 el evento. Se trata de responder al derecho a la informaci\u00f3n de la ciudadan\u00eda, analizando qu\u00e9 se cuenta, cu\u00e1les son las fuentes y cu\u00e1les los canales por los que esa informaci\u00f3n discurre. &nbsp; Ser\u00e1 un foro de reflexi\u00f3n y debate sobre sexualidad con presencia de sex\u00f3logas, psicoterapeutas, psic\u00f3logas, educadoras afectivo sexuales, fisioterapeutas y periodistas, todas ellas coordinadas por nuestra socia Ana Rosa Maza, autora del proyecto &#8216;T\u00f3cate Mucho&#8217;. Esto suceder\u00e1 el s\u00e1bado 15 por la tarde en el Centro C\u00edvico Santiago Escart\u00edn de Huesca. &nbsp; Antes, el viernes 14 de mayo, en Zaragoza, se inauguran las Jornadas inSEX con la presentaci\u00f3n del libro &#8216;Feminismo Vibrante&#8216; (Roca Editorial) de la periodista Ana Requena, redactora jefa de G\u00e9nero de eldiario.es. Es un ensayo que reivindica un feminismo ligado al derecho al placer, al relato del deseo, a la autonom\u00eda sexual y el derecho de las mujeres como sujetos de sexo, todo ello frente al terror sexual. Requena nos espera el 14 de mayo en la Sala Pilar Sinu\u00e9s del Paraninfo zaragozano, a las 18:30 horas. &nbsp; Y para la ma\u00f1ana del s\u00e1bado 15, inSEX nos reserva, ya en Huesca, una ma\u00f1ana de &#8216;Placeres sin edad&#8217;, un taller que impartir\u00e1 la cooperativa Desmontando a la Pili, dentro del programa municipal G\u00e9nero y Salud en colaboraci\u00f3n con el Ayuntamiento de la capital oscense. Una actividad para abordar la diversidad del cuerpo sexuado a lo largo de toda la vida y la opci\u00f3n factible del empoderamiento de las mujeres a trav\u00e9s de la propia sexualidad. &nbsp; No te pierdas este importante foro de visibilizaci\u00f3n de la sexualidad y de an\u00e1lisis de la informaci\u00f3n que hemos manejado hasta ahora, la que se vierte a la sociedad desde los medios de comunicaci\u00f3n y otros canales. En concreto las mujeres han hallado hist\u00f3ricamente limitaciones, barreras al conocimiento y la expresi\u00f3n libre de la sexualidad. Y con esto quiere acabar inSEX. &nbsp; En su primera edici\u00f3n, las periodistas que han organizado\u00a0inSEX junto al IAM cuentan con la colaboraci\u00f3n del Ayuntamiento de Huesca y\u00a0del Vicerrectorado de Cultura y Proyecci\u00f3n Social de la Universidad de Zaragoza, y el apoyo de la Asociaci\u00f3n de Librer\u00edas de Zaragoza y el Centro Social Librer\u00eda La Pantera Rossa.<\/p>\n","protected":false},"author":1,"featured_media":2038,"comment_status":"open","ping_status":"open","sticky":false,"template":"","format":"standard","meta":[],"categories":[150,1],"tags":[348,136,349,355,358,344,346,359,352,357,249,347,350,354,216,342,353,356,351,345,343,294,164],"_links":{"self":[{"href":"http:\/\/www.periodistasporlaigualdad.org\/index.php?rest_route=\/wp\/v2\/posts\/2037"}],"collection":[{"href":"http:\/\/www.periodistasporlaigualdad.org\/index.php?rest_route=\/wp\/v2\/posts"}],"about":[{"href":"http:\/\/www.periodistasporlaigualdad.org\/index.php?rest_route=\/wp\/v2\/types\/post"}],"author":[{"embeddable":true,"href":"http:\/\/www.periodistasporlaigualdad.org\/index.php?rest_route=\/wp\/v2\/users\/1"}],"replies":[{"embeddable":true,"href":"http:\/\/www.periodistasporlaigualdad.org\/index.php?rest_route=%2Fwp%2Fv2%2Fcomments&post=2037"}],"version-history":[{"count":6,"href":"http:\/\/www.periodistasporlaigualdad.org\/index.php?rest_route=\/wp\/v2\/posts\/2037\/revisions"}],"predecessor-version":[{"id":2044,"href":"http:\/\/www.periodistasporlaigualdad.org\/index.php?rest_route=\/wp\/v2\/posts\/2037\/revisions\/2044"}],"wp:featuredmedia":[{"embeddable":true,"href":"http:\/\/www.periodistasporlaigualdad.org\/index.php?rest_route=\/wp\/v2\/media\/2038"}],"wp:attachment":[{"href":"http:\/\/www.periodistasporlaigualdad.org\/index.php?rest_route=%2Fwp%2Fv2%2Fmedia&parent=2037"}],"wp:term":[{"taxonomy":"category","embeddable":true,"href":"http:\/\/www.periodistasporlaigualdad.org\/index.php?rest_route=%2Fwp%2Fv2%2Fcategories&post=2037"},{"taxonomy":"post_tag","embeddable":true,"href":"http:\/\/www.periodistasporlaigualdad.org\/index.php?rest_route=%2Fwp%2Fv2%2Ftags&post=2037"}],"curies":[{"name":"wp","href":"https:\/\/api.w.org\/{rel}","templated":true}]}}