{"id":2124,"date":"2021-11-17T15:40:16","date_gmt":"2021-11-17T15:40:16","guid":{"rendered":"http:\/\/www.periodistasporlaigualdad.org\/?p=2124"},"modified":"2021-11-18T15:35:39","modified_gmt":"2021-11-18T15:35:39","slug":"periodistas-y-escritoras-club-de-lectura-y-cata","status":"publish","type":"post","link":"http:\/\/www.periodistasporlaigualdad.org\/?p=2124","title":{"rendered":"Periodistas y escritoras. Club de lectura y cata"},"content":{"rendered":"<p>&nbsp;<\/p>\n<p><a href=\"http:\/\/www.periodistasporlaigualdad.org\/2021\/11\/17\/periodistas-y-escritoras-club-de-lectura-y-cata\/libro-y-vino-primera-tertulia\/\" rel=\"attachment wp-att-2125\"><img decoding=\"async\" loading=\"lazy\" class=\"wp-image-2125 alignleft\" src=\"http:\/\/www.periodistasporlaigualdad.org\/wp-content\/uploads\/2021\/11\/Libro-y-vino.-Primera-tertulia-740x1024.jpg\" alt=\"\" width=\"280\" height=\"387\" srcset=\"http:\/\/www.periodistasporlaigualdad.org\/wp-content\/uploads\/2021\/11\/Libro-y-vino.-Primera-tertulia-740x1024.jpg 740w, http:\/\/www.periodistasporlaigualdad.org\/wp-content\/uploads\/2021\/11\/Libro-y-vino.-Primera-tertulia-217x300.jpg 217w, http:\/\/www.periodistasporlaigualdad.org\/wp-content\/uploads\/2021\/11\/Libro-y-vino.-Primera-tertulia-768x1063.jpg 768w, http:\/\/www.periodistasporlaigualdad.org\/wp-content\/uploads\/2021\/11\/Libro-y-vino.-Primera-tertulia-958x1326.jpg 958w, http:\/\/www.periodistasporlaigualdad.org\/wp-content\/uploads\/2021\/11\/Libro-y-vino.-Primera-tertulia-600x830.jpg 600w, http:\/\/www.periodistasporlaigualdad.org\/wp-content\/uploads\/2021\/11\/Libro-y-vino.-Primera-tertulia.jpg 1156w\" sizes=\"(max-width: 280px) 100vw, 280px\" \/><\/a>\u00a1Qu\u00e9 placer disfrutar de un buen libro con una copa de buen vino! \u00bfY si te llevamos libro y botella a casa? Desde la Asociaci\u00f3n de Periodistas por la\u00a0 \u00a0 Igualdad queremos apoyar a nuestras colegas escritoras, aquellas que hablan de mujeres, de Historia o de situaciones sociales que merecen la pena ser contadas. Y ponemos en marcha un <span style=\"color: #800000;\"><strong>Club de Lectura y Cata<\/strong><\/span>, un h\u00edbrido presencial y online, un estupendo plan de literatura, enolog\u00eda y formaci\u00f3n para disfrutar.\u00a0<strong>El <span style=\"color: #800000;\">plan<\/span> es el siguiente:<\/strong><\/p>\n<p>1- Recibes en tu casa un libro y un vino.<\/p>\n<p>2- Dedicas unas semanas a disfrutar de ambos.<\/p>\n<p>3- Y est\u00e1s invitada a un coloquio presencial con la autora y un\/a especialista para ahondar en el argumento del libro y su contexto.<\/p>\n<p>Y comenzamos con:<\/p>\n<p><b>\u00a0 \u00a0 <em>\u00a0&#8211; <span style=\"color: #800000;\">&#8216;Antiguas pero modernas&#8217;<\/span><\/em><\/b>, de Mar Abad, un conjunto de relatos sobre las fascinantes vidas de varias pioneras del periodismo.<\/p>\n<p><strong>\u00a0 \u00a0 \u00a0&#8211;<\/strong> Vino <span style=\"color: #800000;\"><b>tinto crianza Monasterio de las Vi\u00f1as<\/b><\/span>, DOP Cari\u00f1ena.<\/p>\n<h2><\/h2>\n<h2>\u00a1Ap\u00fantate y apoya a nuestras escritoras!<\/h2>\n<ul>\n<li>Oferta <strong>gratuita<\/strong> para socias\/os<\/li>\n<li>Oferta por <strong>25\u20ac<\/strong> para no socias\/os (incluidos gastos de env\u00edo)<\/li>\n<\/ul>\n<p>Las plazas son limitadas as\u00ed que ap\u00fantate ya enviando un mail a:\u00a0<a href=\"mailto:periodistas@periodistasporlaigualdad.org\">periodistas@periodistasporlaigualdad.org\u00a0<\/a>\u00a0y d\u00e9janos tus datos postales y n\u00famero de tel\u00e9fono. Adem\u00e1s, en <span style=\"color: #800000;\"><strong>diciembre<\/strong><\/span> celebraremos <span style=\"color: #800000;\"><strong>en Zaragoza<\/strong><\/span> la primera sesi\u00f3n con <span style=\"color: #800000;\"><strong>entrada libre<\/strong><\/span>; conversaci\u00f3n con la autora y una historiadora para hablar de las mujeres periodistas pioneras en Espa\u00f1a. M\u00e1s adelante os comunicaremos d\u00eda y lugar de la tertulia.<\/p>\n<p>&nbsp;<\/p>\n<p>&nbsp;<\/p>\n<p><a href=\"http:\/\/www.periodistasporlaigualdad.org\/api_logohorizontal_200\/\"><img decoding=\"async\" loading=\"lazy\" class=\"wp-image-759 aligncenter\" src=\"http:\/\/www.periodistasporlaigualdad.org\/wp-content\/uploads\/2018\/03\/API_LogoHorizontal_200.png\" alt=\"\" width=\"274\" height=\"72\" \/><\/a><a href=\"http:\/\/www.periodistasporlaigualdad.org\/2021\/11\/17\/periodistas-y-escritoras-club-de-lectura-y-cata\/monasterio-gvv-2\/\" rel=\"attachment wp-att-2131\"><img decoding=\"async\" loading=\"lazy\" class=\"wp-image-2131 aligncenter\" src=\"http:\/\/www.periodistasporlaigualdad.org\/wp-content\/uploads\/2021\/11\/monasterio-gvv-1024x724.jpg\" alt=\"\" width=\"271\" height=\"162\" \/><\/a><\/p>\n<p><a href=\"http:\/\/www.periodistasporlaigualdad.org\/2021\/11\/17\/periodistas-y-escritoras-club-de-lectura-y-cata\/logo\/\" rel=\"attachment wp-att-2138\"><img decoding=\"async\" loading=\"lazy\" class=\"aligncenter  wp-image-2138\" src=\"http:\/\/www.periodistasporlaigualdad.org\/wp-content\/uploads\/2021\/11\/Logo-1024x273.png\" alt=\"\" width=\"375\" height=\"89\" \/><\/a><\/p>\n<p>&nbsp;<\/p>\n","protected":false},"excerpt":{"rendered":"<p>&nbsp; \u00a1Qu\u00e9 placer disfrutar de un buen libro con una copa de buen vino! \u00bfY si te llevamos libro y botella a casa? Desde la Asociaci\u00f3n de Periodistas por la\u00a0 \u00a0 Igualdad queremos apoyar a nuestras colegas escritoras, aquellas que hablan de mujeres, de Historia o de situaciones sociales que merecen la pena ser contadas. Y ponemos en marcha un Club de Lectura y Cata, un h\u00edbrido presencial y online, un estupendo plan de literatura, enolog\u00eda y formaci\u00f3n para disfrutar.\u00a0El plan es el siguiente: 1- Recibes en tu casa un libro y un vino. 2- Dedicas unas semanas a disfrutar de ambos. 3- Y est\u00e1s invitada a un coloquio presencial con la autora y un\/a especialista para ahondar en el argumento del libro y su contexto. Y comenzamos con: \u00a0 \u00a0 \u00a0&#8211; &#8216;Antiguas pero modernas&#8217;, de Mar Abad, un conjunto de relatos sobre las fascinantes vidas de varias pioneras del periodismo. \u00a0 \u00a0 \u00a0&#8211; Vino tinto crianza Monasterio de las Vi\u00f1as, DOP Cari\u00f1ena. \u00a1Ap\u00fantate y apoya a nuestras escritoras! Oferta gratuita para socias\/os Oferta por 25\u20ac para no socias\/os (incluidos gastos de env\u00edo) Las plazas son limitadas as\u00ed que ap\u00fantate ya enviando un mail a:\u00a0periodistas@periodistasporlaigualdad.org\u00a0\u00a0y d\u00e9janos tus datos postales y n\u00famero de tel\u00e9fono. Adem\u00e1s, en diciembre celebraremos en Zaragoza la primera sesi\u00f3n con entrada libre; conversaci\u00f3n con la autora y una historiadora para hablar de las mujeres periodistas pioneras en Espa\u00f1a. M\u00e1s adelante os comunicaremos d\u00eda y lugar de la tertulia. &nbsp; &nbsp; &nbsp;<\/p>\n","protected":false},"author":1,"featured_media":2125,"comment_status":"open","ping_status":"open","sticky":false,"template":"","format":"standard","meta":[],"categories":[150],"tags":[394,393,392,396,395,397,390,389,207,391,164],"_links":{"self":[{"href":"http:\/\/www.periodistasporlaigualdad.org\/index.php?rest_route=\/wp\/v2\/posts\/2124"}],"collection":[{"href":"http:\/\/www.periodistasporlaigualdad.org\/index.php?rest_route=\/wp\/v2\/posts"}],"about":[{"href":"http:\/\/www.periodistasporlaigualdad.org\/index.php?rest_route=\/wp\/v2\/types\/post"}],"author":[{"embeddable":true,"href":"http:\/\/www.periodistasporlaigualdad.org\/index.php?rest_route=\/wp\/v2\/users\/1"}],"replies":[{"embeddable":true,"href":"http:\/\/www.periodistasporlaigualdad.org\/index.php?rest_route=%2Fwp%2Fv2%2Fcomments&post=2124"}],"version-history":[{"count":16,"href":"http:\/\/www.periodistasporlaigualdad.org\/index.php?rest_route=\/wp\/v2\/posts\/2124\/revisions"}],"predecessor-version":[{"id":2144,"href":"http:\/\/www.periodistasporlaigualdad.org\/index.php?rest_route=\/wp\/v2\/posts\/2124\/revisions\/2144"}],"wp:featuredmedia":[{"embeddable":true,"href":"http:\/\/www.periodistasporlaigualdad.org\/index.php?rest_route=\/wp\/v2\/media\/2125"}],"wp:attachment":[{"href":"http:\/\/www.periodistasporlaigualdad.org\/index.php?rest_route=%2Fwp%2Fv2%2Fmedia&parent=2124"}],"wp:term":[{"taxonomy":"category","embeddable":true,"href":"http:\/\/www.periodistasporlaigualdad.org\/index.php?rest_route=%2Fwp%2Fv2%2Fcategories&post=2124"},{"taxonomy":"post_tag","embeddable":true,"href":"http:\/\/www.periodistasporlaigualdad.org\/index.php?rest_route=%2Fwp%2Fv2%2Ftags&post=2124"}],"curies":[{"name":"wp","href":"https:\/\/api.w.org\/{rel}","templated":true}]}}