{"id":2174,"date":"2022-01-17T10:56:16","date_gmt":"2022-01-17T10:56:16","guid":{"rendered":"http:\/\/www.periodistasporlaigualdad.org\/?p=2174"},"modified":"2022-01-17T16:34:23","modified_gmt":"2022-01-17T16:34:23","slug":"pepa-bueno-la-deriva-del-acoso-en-redes-podria-sacar-de-la-opinion-publica-a-muchas-mujeres","status":"publish","type":"post","link":"http:\/\/www.periodistasporlaigualdad.org\/?p=2174","title":{"rendered":"Pepa Bueno: \u201cLa deriva del acoso en redes podr\u00eda sacar de la opini\u00f3n p\u00fablica a muchas mujeres\u201d"},"content":{"rendered":"<div id=\"attachment_2175\" style=\"width: 690px\" class=\"wp-caption alignnone\"><a href=\"http:\/\/www.periodistasporlaigualdad.org\/2022\/01\/17\/pepa-bueno-la-deriva-del-acoso-en-redes-podria-sacar-de-la-opinion-publica-a-muchas-mujeres\/pepabueno-8233\/\" rel=\"attachment wp-att-2175\"><img aria-describedby=\"caption-attachment-2175\" decoding=\"async\" loading=\"lazy\" class=\"wp-image-2175 size-large\" src=\"http:\/\/www.periodistasporlaigualdad.org\/wp-content\/uploads\/2022\/01\/pepabueno-8233-1024x770.jpg\" alt=\"\" width=\"680\" height=\"511\" \/><\/a><p id=\"caption-attachment-2175\" class=\"wp-caption-text\">Pepa Bueno, en el Paraninfo de la Universidad de Zaragoza. Foto cedida por Javier Cebollada.<\/p><\/div>\n<p>La periodista Pepa Bueno pas\u00f3 por la capital del Ebro este mes de enero para compartir entresijos de su trayectoria profesional y personal dentro del ciclo \u2018<a href=\"https:\/\/cultura.unizar.es\/actividades\/ciclo-el-tiempo-de-las-mujeres-pepa-bueno\">El tiempo de las mujeres<\/a>\u2019, organizado por la <a href=\"https:\/\/www.unizar.es\/\">Universidad de Zaragoza<\/a> con objeto de realizar un recorrido por la vida de mujeres que son referencia para diversas generaciones. La maestra de periodistas rememor\u00f3 su carrera desde sus comienzos en Radio Nacional de Espa\u00f1a en Teruel, hasta esos momentos en los que, dice, \u201cno hay opci\u00f3n\u201d, y acepta desaf\u00edos como conducir los primeros informativos del d\u00eda en \u2018<a href=\"https:\/\/www.rtve.es\/television\/los-desayunos-de-tve\/\">Los desayunos de TVE<\/a>\u2019, liderar el espacio radiof\u00f3nico \u2018<a href=\"https:\/\/cadenaser.com\/programa\/hora_25\/\">Hora 25<\/a>\u2019 en la Cadena Ser, o dirigir uno de los principales rotativos nacionales, \u2018<a href=\"https:\/\/elpais.com\">El Pa\u00eds<\/a>\u2019, puesto que desempe\u00f1a desde hace cuatro meses.<\/p>\n<p>Entrevistada por la tambi\u00e9n periodista Carmen Ruiz Fleta, Pepa Bueno habl\u00f3 de periodismo y de feminismo, dos <em>ismos<\/em> con los que se apasiona. Confiesa que su hija Manuela le llama a veces la atenci\u00f3n dici\u00e9ndole: \u201cMam\u00e1, \u00bfsabes que hay gente a la que no le interesa lo que pasa en el mundo?\u201d. Pero esa no es ella. Quer\u00eda ser actriz, aunque tras estudiar periodismo y realizar sus primeras pr\u00e1cticas en su provincia natal, Badajoz, supo que eso es lo que querr\u00eda hacer el resto de su vida.<\/p>\n<p>El devenir profesional de Pepa Bueno articul\u00f3 la conversaci\u00f3n entre las dos periodistas. Preguntada por si en alg\u00fan momento, a largo de su dilatada carrera, ha sufrido el \u2018s\u00edndrome de la impostora\u2019, Pepa Bueno reconoce que empiezan a sonar todas sus alarmas cuando decide tomar las riendas de \u2018El Pa\u00eds\u2019 y escucha, en poco m\u00e1s de cuatro meses, la misma pregunta una y otra vez: \u201c\u00bfC\u00f3mo lleva tu pareja que seas directora de \u2018El Pa\u00eds\u2019? \u00bfC\u00f3mo lo lleva tu familia?\u201d. Algo que dif\u00edcilmente le estar\u00edan preguntado si fuera hombre.<\/p>\n<p>Pepa Bueno se siente optimista y se apoya en las nuevas generaciones, educadas \u2013 dice ella \u2013 para que se sientan m\u00e1s iguales frente a los hombres que nunca. Sin embargo, sigue habiendo muchas piedras en el camino y desvela ante el auditorio un fen\u00f3meno compartido por algunas compa\u00f1eras de profesi\u00f3n, quienes \u2013 afirma \u2013 se han visto forzadas a eliminar sus perfiles en las redes sociales porque no soportan el acoso al que son sometidas por el mero hecho de opinar. \u201cLa deriva del acoso en redes podr\u00eda sacar de la opini\u00f3n p\u00fablica a muchas mujeres\u201d, advierte. Reflexiona adem\u00e1s sobre el caso de Ana Orantes, en Granada, punto de inflexi\u00f3n en el que todo cambia. \u201cA partir de ah\u00ed comienzan a contabilizarse las v\u00edctimas por violencia machista y podemos decir hoy que Espa\u00f1a es pa\u00eds pionero en la catalogaci\u00f3n de violencia de g\u00e9nero\u201d.<\/p>\n<p>Preguntada por el fen\u00f3meno sociol\u00f3gico de la \u2018Espa\u00f1a vac\u00eda\u2019 o \u2018Espa\u00f1a vaciada\u2019 \u2013seg\u00fan el t\u00e9rmino que prefieran, dice ella \u2013, comenta que las redacciones centrales son voraces y desconsideradas, subrayando esa falta de perspectiva con la que Madrid observa la informaci\u00f3n que proviene de la \u2018periferia\u2019. Tambi\u00e9n opina sobre la independencia de los medios de comunicaci\u00f3n en Espa\u00f1a, independencia que pivota, en su parecer, sobre la manera en la que se gestiona la presi\u00f3n pol\u00edtica: \u201cEs lo que marca la diferencia\u201d.<\/p>\n<blockquote><p>&#8220;Las redacciones centrales son voraces y desconsideradas&#8221;<\/p><\/blockquote>\n<h3>La entrevista, un g\u00e9nero period\u00edstico \u2018pervertido\u2019<\/h3>\n<p>Desvela que se ha enfrentado a muchas entrevistas dif\u00edciles, sin poder destacar las m\u00e1s complicadas porque \u2013 reconoce \u2013 \u201chan sido muchas\u201d y subraya la perversi\u00f3n que sufre el g\u00e9nero period\u00edstico de la entrevista hoy. \u201cUna entrevista no puede ser un debate, si no, se convierte en una plataforma pol\u00edtica\u201d. A prop\u00f3sito de la recurrente pol\u00e9mica sobre la prensa de papel versus la prensa digital, admite que los periodistas \u201chemos cometido errores en el pasado\u201d [en relaci\u00f3n a los or\u00edgenes de la prensa digital ofrecida de forma gratuita], pero ella hace tiempo que dej\u00f3 de \u201cfustigarse\u201d. \u201cEs cierto que el peri\u00f3dico de papel, por su estructura f\u00edsica, da un cierto orden del mundo. El siguiente paso de los peri\u00f3dicos digitales ser\u00e1 encontrar esa jerarqu\u00eda y no darse a la inmediatez. Los lectores, en papel o en formato digital, vendr\u00e1n si somos \u00fatiles ayudando a entender el mundo\u201d.<\/p>\n<p>Por Silvia de F\u00e9lix<\/p>\n","protected":false},"excerpt":{"rendered":"<p>La periodista Pepa Bueno pas\u00f3 por la capital del Ebro este mes de enero para compartir entresijos de su trayectoria profesional y personal dentro del ciclo \u2018El tiempo de las mujeres\u2019, organizado por la Universidad de Zaragoza con objeto de realizar un recorrido por la vida de mujeres que son referencia para diversas generaciones. La maestra de periodistas rememor\u00f3 su carrera desde sus comienzos en Radio Nacional de Espa\u00f1a en Teruel, hasta esos momentos en los que, dice, \u201cno hay opci\u00f3n\u201d, y acepta desaf\u00edos como conducir los primeros informativos del d\u00eda en \u2018Los desayunos de TVE\u2019, liderar el espacio radiof\u00f3nico \u2018Hora 25\u2019 en la Cadena Ser, o dirigir uno de los principales rotativos nacionales, \u2018El Pa\u00eds\u2019, puesto que desempe\u00f1a desde hace cuatro meses. Entrevistada por la tambi\u00e9n periodista Carmen Ruiz Fleta, Pepa Bueno habl\u00f3 de periodismo y de feminismo, dos ismos con los que se apasiona. Confiesa que su hija Manuela le llama a veces la atenci\u00f3n dici\u00e9ndole: \u201cMam\u00e1, \u00bfsabes que hay gente a la que no le interesa lo que pasa en el mundo?\u201d. Pero esa no es ella. Quer\u00eda ser actriz, aunque tras estudiar periodismo y realizar sus primeras pr\u00e1cticas en su provincia natal, Badajoz, supo que eso es lo que querr\u00eda hacer el resto de su vida. El devenir profesional de Pepa Bueno articul\u00f3 la conversaci\u00f3n entre las dos periodistas. Preguntada por si en alg\u00fan momento, a largo de su dilatada carrera, ha sufrido el \u2018s\u00edndrome de la impostora\u2019, Pepa Bueno reconoce que empiezan a sonar todas sus alarmas cuando decide tomar las riendas de \u2018El Pa\u00eds\u2019 y escucha, en poco m\u00e1s de cuatro meses, la misma pregunta una y otra vez: \u201c\u00bfC\u00f3mo lleva tu pareja que seas directora de \u2018El Pa\u00eds\u2019? \u00bfC\u00f3mo lo lleva tu familia?\u201d. Algo que dif\u00edcilmente le estar\u00edan preguntado si fuera hombre. Pepa Bueno se siente optimista y se apoya en las nuevas generaciones, educadas \u2013 dice ella \u2013 para que se sientan m\u00e1s iguales frente a los hombres que nunca. Sin embargo, sigue habiendo muchas piedras en el camino y desvela ante el auditorio un fen\u00f3meno compartido por algunas compa\u00f1eras de profesi\u00f3n, quienes \u2013 afirma \u2013 se han visto forzadas a eliminar sus perfiles en las redes sociales porque no soportan el acoso al que son sometidas por el mero hecho de opinar. \u201cLa deriva del acoso en redes podr\u00eda sacar de la opini\u00f3n p\u00fablica a muchas mujeres\u201d, advierte. Reflexiona adem\u00e1s sobre el caso de Ana Orantes, en Granada, punto de inflexi\u00f3n en el que todo cambia. \u201cA partir de ah\u00ed comienzan a contabilizarse las v\u00edctimas por violencia machista y podemos decir hoy que Espa\u00f1a es pa\u00eds pionero en la catalogaci\u00f3n de violencia de g\u00e9nero\u201d. Preguntada por el fen\u00f3meno sociol\u00f3gico de la \u2018Espa\u00f1a vac\u00eda\u2019 o \u2018Espa\u00f1a vaciada\u2019 \u2013seg\u00fan el t\u00e9rmino que prefieran, dice ella \u2013, comenta que las redacciones centrales son voraces y desconsideradas, subrayando esa falta de perspectiva con la que Madrid observa la informaci\u00f3n que proviene de la \u2018periferia\u2019. Tambi\u00e9n opina sobre la independencia de los medios de comunicaci\u00f3n en Espa\u00f1a, independencia que pivota, en su parecer, sobre la manera en la que se gestiona la presi\u00f3n pol\u00edtica: \u201cEs lo [&hellip;]<\/p>\n","protected":false},"author":1,"featured_media":2175,"comment_status":"open","ping_status":"open","sticky":false,"template":"","format":"standard","meta":[],"categories":[150],"tags":[194,249,165,130,151,294,164],"_links":{"self":[{"href":"http:\/\/www.periodistasporlaigualdad.org\/index.php?rest_route=\/wp\/v2\/posts\/2174"}],"collection":[{"href":"http:\/\/www.periodistasporlaigualdad.org\/index.php?rest_route=\/wp\/v2\/posts"}],"about":[{"href":"http:\/\/www.periodistasporlaigualdad.org\/index.php?rest_route=\/wp\/v2\/types\/post"}],"author":[{"embeddable":true,"href":"http:\/\/www.periodistasporlaigualdad.org\/index.php?rest_route=\/wp\/v2\/users\/1"}],"replies":[{"embeddable":true,"href":"http:\/\/www.periodistasporlaigualdad.org\/index.php?rest_route=%2Fwp%2Fv2%2Fcomments&post=2174"}],"version-history":[{"count":26,"href":"http:\/\/www.periodistasporlaigualdad.org\/index.php?rest_route=\/wp\/v2\/posts\/2174\/revisions"}],"predecessor-version":[{"id":2209,"href":"http:\/\/www.periodistasporlaigualdad.org\/index.php?rest_route=\/wp\/v2\/posts\/2174\/revisions\/2209"}],"wp:featuredmedia":[{"embeddable":true,"href":"http:\/\/www.periodistasporlaigualdad.org\/index.php?rest_route=\/wp\/v2\/media\/2175"}],"wp:attachment":[{"href":"http:\/\/www.periodistasporlaigualdad.org\/index.php?rest_route=%2Fwp%2Fv2%2Fmedia&parent=2174"}],"wp:term":[{"taxonomy":"category","embeddable":true,"href":"http:\/\/www.periodistasporlaigualdad.org\/index.php?rest_route=%2Fwp%2Fv2%2Fcategories&post=2174"},{"taxonomy":"post_tag","embeddable":true,"href":"http:\/\/www.periodistasporlaigualdad.org\/index.php?rest_route=%2Fwp%2Fv2%2Ftags&post=2174"}],"curies":[{"name":"wp","href":"https:\/\/api.w.org\/{rel}","templated":true}]}}