{"id":2251,"date":"2022-03-10T15:39:57","date_gmt":"2022-03-10T15:39:57","guid":{"rendered":"http:\/\/www.periodistasporlaigualdad.org\/?p=2251"},"modified":"2022-03-15T10:31:43","modified_gmt":"2022-03-15T10:31:43","slug":"agustin-alaman-esther-puisac-nogarol","status":"publish","type":"post","link":"http:\/\/www.periodistasporlaigualdad.org\/?p=2251","title":{"rendered":"ESTHER PUISAC NOGAROL HA RESCATADO DEL OLVIDO LA FIGURA DEL ARTISTA ARAGON\u00c9S AGUST\u00cdN ALAM\u00c1N"},"content":{"rendered":"<div class=\"c-header\">\n<div class=\"news-header\">\n<p>Nuestra socia, <a href=\"https:\/\/twitter.com\/EstherPuisac\">Esther Puisac Nogarol<\/a> ha sido noticia en estas semanas por haber terminado una investigaci\u00f3n de m\u00e1s de tres a\u00f1os sobre la figura desconocida en Espa\u00f1a del artista oscense <strong>Agust\u00edn Alam\u00e1n<\/strong>. Adem\u00e1s de terminar con sobresaliente el trabajo acad\u00e9mico en la Universidad de Zaragoza que origin\u00f3 este descubrimiento, la autora tiene previsto publicar un libro sobre la figura de este aragon\u00e9s de Tabernas de Isuela.<\/p>\n<ul>\n<li>Entrevista realizada por <a href=\"https:\/\/www.eldiario.es\/autores\/ana_sanchez_borroy\/\">Ana S\u00e1nchez Borroy<\/a><\/li>\n<\/ul>\n<pre class=\"title\"><strong>        \u201cEl olvido tambi\u00e9n es un arma de destrucci\u00f3n masiva\u201d<\/strong><\/pre>\n<\/div>\n<\/div>\n<p style=\"text-align: center;\"><a href=\"https:\/\/www.eldiario.es\/aragon\/olvido-arma-destruccion-masiva_128_8804974.html\">https:\/\/www.eldiario.es\/aragon\/olvido-arma-destruccion-masiva_128_8804974.html<\/a><\/p>\n<p>&nbsp;<\/p>\n<ul>\n<li>Entrevista realizada por <a href=\"https:\/\/www.heraldo.es\/tags\/autores\/ana_usieto.html\">Ana Usieto <\/a><\/li>\n<\/ul>\n<div class=\"top-content\">\n<div class=\"title-container\" style=\"text-align: center;\">\n<pre id=\"m48-47-49\" class=\"title \"><strong>La vida de pel\u00edcula de Agust\u00edn Alam\u00e1n, el desconocido hijo pr\u00f3digo del arte aragon\u00e9s<\/strong><\/pre>\n<\/div>\n<\/div>\n<p style=\"text-align: center;\"><a href=\"https:\/\/www.heraldo.es\/noticias\/ocio-y-cultura\/2022\/03\/04\/agustin-alaman-pintor-oscense-quien-era-biografia-tabernas-de-isuela-1557478.html\">https:\/\/www.heraldo.es\/noticias\/ocio-y-cultura\/2022\/03\/04\/agustin-alaman-pintor-oscense-quien-era-biografia-tabernas-de-isuela-1557478.html<\/a><\/p>\n<p>&nbsp;<\/p>\n","protected":false},"excerpt":{"rendered":"<p>Nuestra socia, Esther Puisac Nogarol ha sido noticia en estas semanas por haber terminado una investigaci\u00f3n de m\u00e1s de tres a\u00f1os sobre la figura desconocida en Espa\u00f1a del artista oscense Agust\u00edn Alam\u00e1n. Adem\u00e1s de terminar con sobresaliente el trabajo acad\u00e9mico en la Universidad de Zaragoza que origin\u00f3 este descubrimiento, la autora tiene previsto publicar un libro sobre la figura de este aragon\u00e9s de Tabernas de Isuela. Entrevista realizada por Ana S\u00e1nchez Borroy \u201cEl olvido tambi\u00e9n es un arma de destrucci\u00f3n masiva\u201d https:\/\/www.eldiario.es\/aragon\/olvido-arma-destruccion-masiva_128_8804974.html &nbsp; Entrevista realizada por Ana Usieto La vida de pel\u00edcula de Agust\u00edn Alam\u00e1n, el desconocido hijo pr\u00f3digo del arte aragon\u00e9s https:\/\/www.heraldo.es\/noticias\/ocio-y-cultura\/2022\/03\/04\/agustin-alaman-pintor-oscense-quien-era-biografia-tabernas-de-isuela-1557478.html &nbsp;<\/p>\n","protected":false},"author":1,"featured_media":2252,"comment_status":"open","ping_status":"open","sticky":false,"template":"","format":"standard","meta":[],"categories":[443,442,150],"tags":[444,446,445,447],"_links":{"self":[{"href":"http:\/\/www.periodistasporlaigualdad.org\/index.php?rest_route=\/wp\/v2\/posts\/2251"}],"collection":[{"href":"http:\/\/www.periodistasporlaigualdad.org\/index.php?rest_route=\/wp\/v2\/posts"}],"about":[{"href":"http:\/\/www.periodistasporlaigualdad.org\/index.php?rest_route=\/wp\/v2\/types\/post"}],"author":[{"embeddable":true,"href":"http:\/\/www.periodistasporlaigualdad.org\/index.php?rest_route=\/wp\/v2\/users\/1"}],"replies":[{"embeddable":true,"href":"http:\/\/www.periodistasporlaigualdad.org\/index.php?rest_route=%2Fwp%2Fv2%2Fcomments&post=2251"}],"version-history":[{"count":3,"href":"http:\/\/www.periodistasporlaigualdad.org\/index.php?rest_route=\/wp\/v2\/posts\/2251\/revisions"}],"predecessor-version":[{"id":2255,"href":"http:\/\/www.periodistasporlaigualdad.org\/index.php?rest_route=\/wp\/v2\/posts\/2251\/revisions\/2255"}],"wp:featuredmedia":[{"embeddable":true,"href":"http:\/\/www.periodistasporlaigualdad.org\/index.php?rest_route=\/wp\/v2\/media\/2252"}],"wp:attachment":[{"href":"http:\/\/www.periodistasporlaigualdad.org\/index.php?rest_route=%2Fwp%2Fv2%2Fmedia&parent=2251"}],"wp:term":[{"taxonomy":"category","embeddable":true,"href":"http:\/\/www.periodistasporlaigualdad.org\/index.php?rest_route=%2Fwp%2Fv2%2Fcategories&post=2251"},{"taxonomy":"post_tag","embeddable":true,"href":"http:\/\/www.periodistasporlaigualdad.org\/index.php?rest_route=%2Fwp%2Fv2%2Ftags&post=2251"}],"curies":[{"name":"wp","href":"https:\/\/api.w.org\/{rel}","templated":true}]}}