{"id":2289,"date":"2022-06-06T09:18:02","date_gmt":"2022-06-06T09:18:02","guid":{"rendered":"http:\/\/www.periodistasporlaigualdad.org\/?p=2289"},"modified":"2022-06-06T09:19:48","modified_gmt":"2022-06-06T09:19:48","slug":"debate-y-cata-de-vino-el-papel-de-la-mujer-espanola-a-partir-de-1930","status":"publish","type":"post","link":"http:\/\/www.periodistasporlaigualdad.org\/?p=2289","title":{"rendered":"Debate y cata de vino: El papel de la mujer espa\u00f1ola a partir de 1930"},"content":{"rendered":"<h2>Este nueve de junio celebraremos en el Ateneo de Madrid (c\/ del Prado, 21),\u00a0 a las 19:00 horas, el segundo encuentro en el que la <a href=\"https:\/\/twitter.com\/apfeministas\"><strong>asociaci\u00f3n de Periodistas por la Igualdad<\/strong><\/a> pone en la misma mesa el debate de un <strong>libro<\/strong> y la <strong>cata<\/strong> de un excelente vino, en esta ocasi\u00f3n el Coto de Hayas crianza, de <a href=\"https:\/\/bodegasaragonesas.com\/\"><strong>Bodegas Aragonesas<\/strong><\/a>. Y, adem\u00e1s, ser\u00e1 retransmitido por streaming por si te apetece seguirlo.<\/h2>\n<p>&nbsp;<\/p>\n<p>En esta ocasi\u00f3n debatiremos sobre el <strong>libro<\/strong> &#8220;<a href=\"https:\/\/www.casadellibro.com\/libro-nietas-de-la-memoria\/9788412183306\/11481983\"><strong>Nietas de la Memori<\/strong>a<\/a>&#8220;, editorial <a href=\"https:\/\/balaperdidaeditorial.com\/\"><strong>Bala Perdida<\/strong><\/a> y escrito por <a href=\"https:\/\/nietasdelamemoria.com\/las-nietas\/\"><strong>diez periodistas<\/strong><\/a> que reviven el aliento de sus abuelas para salir adelante en la<strong> Guerra Civil y la posguerra<\/strong>. Mujeres valientes y s\u00f3lidas con vidas invisibles que hoy son rescatadas de la mano de sus nietas, entre ellas la aragonesa <a href=\"https:\/\/twitter.com\/noemisanjuan\"><strong>Noem\u00ed San Juan,<\/strong><\/a>\u00a0 quien junto a Carolina Pecharrom\u00e1n de La Cruz;\u00a0 Isa Gaspar Calero; Carmen Freixa Zurita; Mar\u00eda Grijelmo Garc\u00eda; Marian \u00c1lvarez Mac\u00edas, Concha San Francisco Rodr\u00edguez; Cristina Prieto S\u00e1nchez, Sara Plaza Casares e Isabel Donet S\u00e1nchez retratan semblantes de mujeres, sus abuelas, que batallaron conta la adversidad en una historia escrita por hombres, tal y como se recoge en este<strong> libro<\/strong>.<\/p>\n<p>Junto a ellas, contaremos con la presencia de<a href=\"https:\/\/www.linkedin.com\/in\/carmina-gustr%C3%A1n-loscos-44422564\/?originalSubdomain=es\"><strong> Carmina Gustr\u00e1n<\/strong><\/a>, una historiadora que nos ofrecer\u00e1 formaci\u00f3n espec\u00edfica sobre el papel que tom\u00f3 la mujer espa\u00f1ola en los a\u00f1os 30 y siguientes para, de este modo, conocer la Historia tambi\u00e9n desde la \u00f3ptica de las mujeres.<\/p>\n<p>El objetivo de este <strong>club de Lectura y Vino<\/strong> organizado por nuestra asociaci\u00f3n es fomentar el encuentro de todas aquellas personas que quieren conocer la obra de mujeres escritoras actuales que pongan el foco en el papel desempe\u00f1ado por las mujeres en todo tipo de \u00e1mbitos. Y todo ello con el relax y la tranquilidad que supone la <strong>lectura del libro con una buena copa de vin<\/strong>o. Un <em>pack<\/em> que llevamos a los domicilios de quienes lo solicitan para luego poder debatir con las autoras y con la historiadora que a\u00f1ade los acontecimientos de la \u00e9poca que llevamos a estudio. \u00bfTe han contado alguna vez la historia de esta manera? Pero, sobre todo, \u00bfte la han contado de primera mano las protagonistas que la hicieron posible? Pues ahora a disfrutarla.<\/p>\n<p>&nbsp;<\/p>\n","protected":false},"excerpt":{"rendered":"<p>Este nueve de junio celebraremos en el Ateneo de Madrid (c\/ del Prado, 21),\u00a0 a las 19:00 horas, el segundo encuentro en el que la asociaci\u00f3n de Periodistas por la Igualdad pone en la misma mesa el debate de un libro y la cata de un excelente vino, en esta ocasi\u00f3n el Coto de Hayas crianza, de Bodegas Aragonesas. Y, adem\u00e1s, ser\u00e1 retransmitido por streaming por si te apetece seguirlo. &nbsp; En esta ocasi\u00f3n debatiremos sobre el libro &#8220;Nietas de la Memoria&#8220;, editorial Bala Perdida y escrito por diez periodistas que reviven el aliento de sus abuelas para salir adelante en la Guerra Civil y la posguerra. Mujeres valientes y s\u00f3lidas con vidas invisibles que hoy son rescatadas de la mano de sus nietas, entre ellas la aragonesa Noem\u00ed San Juan,\u00a0 quien junto a Carolina Pecharrom\u00e1n de La Cruz;\u00a0 Isa Gaspar Calero; Carmen Freixa Zurita; Mar\u00eda Grijelmo Garc\u00eda; Marian \u00c1lvarez Mac\u00edas, Concha San Francisco Rodr\u00edguez; Cristina Prieto S\u00e1nchez, Sara Plaza Casares e Isabel Donet S\u00e1nchez retratan semblantes de mujeres, sus abuelas, que batallaron conta la adversidad en una historia escrita por hombres, tal y como se recoge en este libro. Junto a ellas, contaremos con la presencia de Carmina Gustr\u00e1n, una historiadora que nos ofrecer\u00e1 formaci\u00f3n espec\u00edfica sobre el papel que tom\u00f3 la mujer espa\u00f1ola en los a\u00f1os 30 y siguientes para, de este modo, conocer la Historia tambi\u00e9n desde la \u00f3ptica de las mujeres. El objetivo de este club de Lectura y Vino organizado por nuestra asociaci\u00f3n es fomentar el encuentro de todas aquellas personas que quieren conocer la obra de mujeres escritoras actuales que pongan el foco en el papel desempe\u00f1ado por las mujeres en todo tipo de \u00e1mbitos. Y todo ello con el relax y la tranquilidad que supone la lectura del libro con una buena copa de vino. Un pack que llevamos a los domicilios de quienes lo solicitan para luego poder debatir con las autoras y con la historiadora que a\u00f1ade los acontecimientos de la \u00e9poca que llevamos a estudio. \u00bfTe han contado alguna vez la historia de esta manera? Pero, sobre todo, \u00bfte la han contado de primera mano las protagonistas que la hicieron posible? Pues ahora a disfrutarla. &nbsp;<\/p>\n","protected":false},"author":1,"featured_media":2290,"comment_status":"open","ping_status":"open","sticky":false,"template":"","format":"standard","meta":[],"categories":[458,457],"tags":[460,430,459],"_links":{"self":[{"href":"http:\/\/www.periodistasporlaigualdad.org\/index.php?rest_route=\/wp\/v2\/posts\/2289"}],"collection":[{"href":"http:\/\/www.periodistasporlaigualdad.org\/index.php?rest_route=\/wp\/v2\/posts"}],"about":[{"href":"http:\/\/www.periodistasporlaigualdad.org\/index.php?rest_route=\/wp\/v2\/types\/post"}],"author":[{"embeddable":true,"href":"http:\/\/www.periodistasporlaigualdad.org\/index.php?rest_route=\/wp\/v2\/users\/1"}],"replies":[{"embeddable":true,"href":"http:\/\/www.periodistasporlaigualdad.org\/index.php?rest_route=%2Fwp%2Fv2%2Fcomments&post=2289"}],"version-history":[{"count":3,"href":"http:\/\/www.periodistasporlaigualdad.org\/index.php?rest_route=\/wp\/v2\/posts\/2289\/revisions"}],"predecessor-version":[{"id":2293,"href":"http:\/\/www.periodistasporlaigualdad.org\/index.php?rest_route=\/wp\/v2\/posts\/2289\/revisions\/2293"}],"wp:featuredmedia":[{"embeddable":true,"href":"http:\/\/www.periodistasporlaigualdad.org\/index.php?rest_route=\/wp\/v2\/media\/2290"}],"wp:attachment":[{"href":"http:\/\/www.periodistasporlaigualdad.org\/index.php?rest_route=%2Fwp%2Fv2%2Fmedia&parent=2289"}],"wp:term":[{"taxonomy":"category","embeddable":true,"href":"http:\/\/www.periodistasporlaigualdad.org\/index.php?rest_route=%2Fwp%2Fv2%2Fcategories&post=2289"},{"taxonomy":"post_tag","embeddable":true,"href":"http:\/\/www.periodistasporlaigualdad.org\/index.php?rest_route=%2Fwp%2Fv2%2Ftags&post=2289"}],"curies":[{"name":"wp","href":"https:\/\/api.w.org\/{rel}","templated":true}]}}