{"id":2295,"date":"2022-06-20T10:33:11","date_gmt":"2022-06-20T10:33:11","guid":{"rendered":"http:\/\/www.periodistasporlaigualdad.org\/?p=2295"},"modified":"2022-06-20T15:06:55","modified_gmt":"2022-06-20T15:06:55","slug":"los-reproches-en-twitter-contra-las-mujeres-politicas-ecuatorianas-giran-en-torno-al-abandono-de-su-rol-tradicional","status":"publish","type":"post","link":"http:\/\/www.periodistasporlaigualdad.org\/?p=2295","title":{"rendered":"Los reproches en Twitter contra las mujeres pol\u00edticas ecuatorianas giran en torno al abandono de su rol tradicional"},"content":{"rendered":"<div id=\"attachment_2296\" style=\"width: 690px\" class=\"wp-caption alignnone\"><a href=\"http:\/\/www.periodistasporlaigualdad.org\/2022\/06\/20\/los-reproches-en-twitter-contra-las-mujeres-politicas-ecuatorianas-giran-en-torno-al-abandono-de-su-rol-tradicional\/captura-de-pantalla-2022-06-17-a-las-13-41-41\/\" rel=\"attachment wp-att-2296\"><img aria-describedby=\"caption-attachment-2296\" decoding=\"async\" loading=\"lazy\" class=\"wp-image-2296 size-large\" src=\"http:\/\/www.periodistasporlaigualdad.org\/wp-content\/uploads\/2022\/06\/Captura-de-pantalla-2022-06-17-a-las-13.41.41-1024x718.png\" alt=\"\" width=\"680\" height=\"477\" srcset=\"http:\/\/www.periodistasporlaigualdad.org\/wp-content\/uploads\/2022\/06\/Captura-de-pantalla-2022-06-17-a-las-13.41.41-1024x718.png 1024w, http:\/\/www.periodistasporlaigualdad.org\/wp-content\/uploads\/2022\/06\/Captura-de-pantalla-2022-06-17-a-las-13.41.41-300x210.png 300w, http:\/\/www.periodistasporlaigualdad.org\/wp-content\/uploads\/2022\/06\/Captura-de-pantalla-2022-06-17-a-las-13.41.41-768x539.png 768w, http:\/\/www.periodistasporlaigualdad.org\/wp-content\/uploads\/2022\/06\/Captura-de-pantalla-2022-06-17-a-las-13.41.41-958x672.png 958w, http:\/\/www.periodistasporlaigualdad.org\/wp-content\/uploads\/2022\/06\/Captura-de-pantalla-2022-06-17-a-las-13.41.41-600x421.png 600w, http:\/\/www.periodistasporlaigualdad.org\/wp-content\/uploads\/2022\/06\/Captura-de-pantalla-2022-06-17-a-las-13.41.41.png 1229w\" sizes=\"(max-width: 680px) 100vw, 680px\" \/><\/a><p id=\"caption-attachment-2296\" class=\"wp-caption-text\">Algunos de los datos del 30\u00ba informe sobre violencia pol\u00edtica contra la mujer.<\/p><\/div>\n<p>La lucha por la igualdad pol\u00edtica de hombres y mujeres es una batalla tan antigua como universal, librada hoy en los espacios f\u00edsicos y virtuales. La directora del diario espa\u00f1ol <em>El Pa\u00eds<\/em>, Pepa Bueno, lo advierte en sus intervenciones medi\u00e1ticas: \u201cla deriva del acoso en redes podr\u00eda sacar de la opini\u00f3n p\u00fablica a muchas mujeres\u201d. Este es un riesgo compartido en cualquier latitud, especialmente en pa\u00edses que atraviesan situaciones de emergencia por la vulneraci\u00f3n sist\u00e9mica de los derechos de las mujeres y la impunidad frente a las denuncias. En Ecuador, la organizaci\u00f3n no gubernamental <a href=\"https:\/\/www.participacionciudadana.org\/web\/\">Participaci\u00f3n Ciudadana<\/a> monitorea desde 2019 la violencia en Twitter contra las pol\u00edticas y las mujeres con perfil p\u00fablico, y tras las elecciones presidenciales celebradas el pasado a\u00f1o, propone una serie de reformas para que la ley electoral brinde mayor protecci\u00f3n a los derechos de representaci\u00f3n pol\u00edtica de las mujeres<\/p>\n<p>La iniciativa de este ejercicio de monitoreo nace con la intenci\u00f3n de mostrar a la sociedad que la violencia en redes es una de las causas de la desmotivaci\u00f3n de la mujer para formar parte de la vida p\u00fablica. Este ejercicio, indica el subdirector de Participaci\u00f3n Ciudadana, Sim\u00f3n Jaramillo, \u201cno busca blindar a las mujeres contra la cr\u00edtica\u201d, sino que pretende llamar la atenci\u00f3n sobre el lenguaje violento que se vuelca en redes contra las mujeres con perfil p\u00fablico por el hecho de ser mujer, no por la gesti\u00f3n que realizan. En Ecuador, explica Jaramillo, \u201cesta violencia es doble en el caso de tres altas autoridades: se les critica por ser mujeres y por pertenecer a grupos \u00e9tnicos minoritarios\u201d. Ellas son la fiscal general del Estado, Diana Salazar, la ex presidenta de la Asamblea Nacional, Guadalupe Llori, o la presidenta del Consejo Nacional Electoral, Diana Atamaint.<\/p>\n<p>El monitoreo del mes de <a href=\"https:\/\/www.participacionciudadana.org\/web\/2022\/06\/09\/monitoreo-30-revela-9-720-tuits-violentos-contra-mujeres\/\">junio<\/a> arroja un total de 9.720 tweets violentos contra las 28 cuentas de mujeres con perfil p\u00fablico que se analizan desde que se iniciara este ejercicio en diciembre de 2019. La mayor parte de las expresiones denigrantes estuvieron relacionadas con la desvalorizaci\u00f3n del rol de la mujer para desempe\u00f1ar actividades p\u00fablicas o cargos pol\u00edticos y con la cosificaci\u00f3n de la mujer. Los diez apelativos m\u00e1s recurrentes a la hora de mencionar estas cuentas de Twitter son corrupta, sinverg\u00fcenza, asesina, ladrona, c\u00ednica, rata, inepta, vieja, rid\u00edcula y mentirosa.<\/p>\n<p>Hombres y mujeres p\u00fablicos son continuamente perseguidos en esta red que muchos califican de <em>haters<\/em>, \u201cpero lo que muestra este monitoreo es que adem\u00e1s del cuestionamiento sobre honorabilidad,\u00a0 honestidad o gesti\u00f3n en el cargo, a las mujeres se les reprocha el hecho de haber dejado su rol tradicional dentro del hogar para ejercer cargos p\u00fablicos\u201d, destaca Jaramillo. Adem\u00e1s, la utilidad de este ejercicio de monitoreo se ha materializado en la inclusi\u00f3n de un cap\u00edtulo sobre violencia pol\u00edtica contra mujeres candidatas en la ley electoral, sirviendo adem\u00e1s a la autoridad electoral de herramienta para identificar eventuales infracciones de la ley.<\/p>\n<h3>Una armadura legal para derribar muros estructurales<\/h3>\n<p>Hasta hoy, ninguna mujer ha ejercido el cargo de presidenta en Ecuador y solo siete se han presentado como candidatas a liderar el pa\u00eds. Ninguna de ellas ha llegado a la segunda vuelta electoral. En las elecciones de 2021 apenas un 15% de las listas estuvieron encabezadas por mujeres y, una vez escrutados los votos, tan solo el 38% de las mujeres candidatas obtuvieron un esca\u00f1o, el mismo porcentaje que en comicios anteriores y todav\u00eda lejos de una representaci\u00f3n paritaria.<\/p>\n<p>Para profundizar en el problema end\u00e9mico de la infrarrepresentaci\u00f3n de mujeres en la vida pol\u00edtica ecuatoriana, Participaci\u00f3n Ciudadana ha elaborado el estudio <em><a href=\"https:\/\/www.participacionciudadana.org\/web\/2022\/02\/15\/pc-presenta-estudio-sobre-la-paridad-en-ecuador\/\">Paridad en Ecuador<\/a>\u00a0<\/em>con el objetivo de plantear reformas para impulsar una representaci\u00f3n igualitaria en los \u00f3rganos de representaci\u00f3n popular.<\/p>\n<p>La Constituci\u00f3n de 2008 determina que los partidos y movimientos pol\u00edticos deben presentar obligatoriamente listas electorales paritarias y el C\u00f3digo de la Democracia \u2013actual ley electoral\u2013 impone que en caso de empate para la asignaci\u00f3n de un esca\u00f1o, este ser\u00e1 adjudicado a una mujer. Si el marco jur\u00eddico favorece la representaci\u00f3n paritaria, \u00bfqu\u00e9 ha impedido su materializaci\u00f3n? En primer lugar, las formaciones pol\u00edticas encabezan las listas con hombres y, dado que las circunscripciones electorales son peque\u00f1as, hay mayor probabilidad de que solo entren los primeros nombres de las listas. Adem\u00e1s, por consulta popular se decidi\u00f3 un sistema de votaci\u00f3n de listas abiertas, en el que los votantes pod\u00edan elegir a los candidatos de su preferencia. A ello se suma la percepci\u00f3n social de la mujer en la esfera pol\u00edtica. Seg\u00fan datos proporcionados por el estudio de la <a href=\"https:\/\/www.worldvaluessurvey.org\/wvs.jsp\">Encuesta Mundial de Valores<\/a>, un 22,3% de las personas entrevistadas est\u00e1 de acuerdo o muy de acuerdo con la afirmaci\u00f3n de que los hombres son mejores l\u00edderes pol\u00edticos que las mujeres. Es decir, todav\u00eda una de cada cinco personas en Ecuador opina que las mujeres son menos aptas como lideresas.<\/p>\n<blockquote>\n<h5>&#8220;El problema son las barreras partidistas, pol\u00edtico-institucionales, culturales, actitudinales, ideol\u00f3gicas y estructurales con las que se enfrentan las mujeres cuando participan en pol\u00edtica&#8221;.<\/h5>\n<\/blockquote>\n<p>Ante estos obst\u00e1culos, los legisladores decidieron dar una nueva vuelta de tuerca en 2020 al establecer que la mitad de las listas presentadas por los partidos y movimientos pol\u00edticos fueran encabezadas por mujeres y revocaron el sistema de listas abiertas. Sin embargo, decidieron que estos pasos se aplicar\u00edan de forma gradual. A este sistema de paridad de g\u00e9nero de entrada, el estudio propone adoptar uno de salida, a imagen de la legislaci\u00f3n chilena. En 2020 se promulg\u00f3 en Chile una ley de paridad de g\u00e9nero para el proceso constituyente en la que se estableci\u00f3 que en los distritos que se repart\u00edan un n\u00famero par de esca\u00f1os, estos deben distribuirse al 50% entre hombres y mujeres, mientras que los distritos que repart\u00edan un n\u00famero impar, la diferencia entre hombres y mujeres no podr\u00eda ser superior a uno.<\/p>\n<p>\u201cEl problema son las barreras partidistas, pol\u00edtico-institucionales, culturales, actitudinales, ideol\u00f3gicas y estructurales con las que se enfrentan las mujeres cuando participan en pol\u00edtica\u201d, concluye el estudio, a la espera de los legisladores se inspiren de modelos que funcionan en la regi\u00f3n con vistas a la plena adjudicaci\u00f3n de esca\u00f1os en las elecciones legislativas de 2025.<\/p>\n<p>Por <strong>Silvia de F\u00e9lix<\/strong>, periodista,\u00a0socia de la Asociaci\u00f3n de Periodistas por la Igualdad y consultora internacional en materia de elecciones, medios de comunicaci\u00f3n y redes.<\/p>\n<p>&nbsp;<\/p>\n","protected":false},"excerpt":{"rendered":"<p>La lucha por la igualdad pol\u00edtica de hombres y mujeres es una batalla tan antigua como universal, librada hoy en los espacios f\u00edsicos y virtuales. La directora del diario espa\u00f1ol El Pa\u00eds, Pepa Bueno, lo advierte en sus intervenciones medi\u00e1ticas: \u201cla deriva del acoso en redes podr\u00eda sacar de la opini\u00f3n p\u00fablica a muchas mujeres\u201d. Este es un riesgo compartido en cualquier latitud, especialmente en pa\u00edses que atraviesan situaciones de emergencia por la vulneraci\u00f3n sist\u00e9mica de los derechos de las mujeres y la impunidad frente a las denuncias. En Ecuador, la organizaci\u00f3n no gubernamental Participaci\u00f3n Ciudadana monitorea desde 2019 la violencia en Twitter contra las pol\u00edticas y las mujeres con perfil p\u00fablico, y tras las elecciones presidenciales celebradas el pasado a\u00f1o, propone una serie de reformas para que la ley electoral brinde mayor protecci\u00f3n a los derechos de representaci\u00f3n pol\u00edtica de las mujeres La iniciativa de este ejercicio de monitoreo nace con la intenci\u00f3n de mostrar a la sociedad que la violencia en redes es una de las causas de la desmotivaci\u00f3n de la mujer para formar parte de la vida p\u00fablica. Este ejercicio, indica el subdirector de Participaci\u00f3n Ciudadana, Sim\u00f3n Jaramillo, \u201cno busca blindar a las mujeres contra la cr\u00edtica\u201d, sino que pretende llamar la atenci\u00f3n sobre el lenguaje violento que se vuelca en redes contra las mujeres con perfil p\u00fablico por el hecho de ser mujer, no por la gesti\u00f3n que realizan. En Ecuador, explica Jaramillo, \u201cesta violencia es doble en el caso de tres altas autoridades: se les critica por ser mujeres y por pertenecer a grupos \u00e9tnicos minoritarios\u201d. Ellas son la fiscal general del Estado, Diana Salazar, la ex presidenta de la Asamblea Nacional, Guadalupe Llori, o la presidenta del Consejo Nacional Electoral, Diana Atamaint. El monitoreo del mes de junio arroja un total de 9.720 tweets violentos contra las 28 cuentas de mujeres con perfil p\u00fablico que se analizan desde que se iniciara este ejercicio en diciembre de 2019. La mayor parte de las expresiones denigrantes estuvieron relacionadas con la desvalorizaci\u00f3n del rol de la mujer para desempe\u00f1ar actividades p\u00fablicas o cargos pol\u00edticos y con la cosificaci\u00f3n de la mujer. Los diez apelativos m\u00e1s recurrentes a la hora de mencionar estas cuentas de Twitter son corrupta, sinverg\u00fcenza, asesina, ladrona, c\u00ednica, rata, inepta, vieja, rid\u00edcula y mentirosa. Hombres y mujeres p\u00fablicos son continuamente perseguidos en esta red que muchos califican de haters, \u201cpero lo que muestra este monitoreo es que adem\u00e1s del cuestionamiento sobre honorabilidad,\u00a0 honestidad o gesti\u00f3n en el cargo, a las mujeres se les reprocha el hecho de haber dejado su rol tradicional dentro del hogar para ejercer cargos p\u00fablicos\u201d, destaca Jaramillo. Adem\u00e1s, la utilidad de este ejercicio de monitoreo se ha materializado en la inclusi\u00f3n de un cap\u00edtulo sobre violencia pol\u00edtica contra mujeres candidatas en la ley electoral, sirviendo adem\u00e1s a la autoridad electoral de herramienta para identificar eventuales infracciones de la ley. Una armadura legal para derribar muros estructurales Hasta hoy, ninguna mujer ha ejercido el cargo de presidenta en Ecuador y solo siete se han presentado como candidatas a liderar el pa\u00eds. Ninguna de ellas ha llegado a la segunda vuelta [&hellip;]<\/p>\n","protected":false},"author":1,"featured_media":2296,"comment_status":"open","ping_status":"open","sticky":false,"template":"","format":"standard","meta":[],"categories":[144],"tags":[132,187,461,462,463],"_links":{"self":[{"href":"http:\/\/www.periodistasporlaigualdad.org\/index.php?rest_route=\/wp\/v2\/posts\/2295"}],"collection":[{"href":"http:\/\/www.periodistasporlaigualdad.org\/index.php?rest_route=\/wp\/v2\/posts"}],"about":[{"href":"http:\/\/www.periodistasporlaigualdad.org\/index.php?rest_route=\/wp\/v2\/types\/post"}],"author":[{"embeddable":true,"href":"http:\/\/www.periodistasporlaigualdad.org\/index.php?rest_route=\/wp\/v2\/users\/1"}],"replies":[{"embeddable":true,"href":"http:\/\/www.periodistasporlaigualdad.org\/index.php?rest_route=%2Fwp%2Fv2%2Fcomments&post=2295"}],"version-history":[{"count":12,"href":"http:\/\/www.periodistasporlaigualdad.org\/index.php?rest_route=\/wp\/v2\/posts\/2295\/revisions"}],"predecessor-version":[{"id":2310,"href":"http:\/\/www.periodistasporlaigualdad.org\/index.php?rest_route=\/wp\/v2\/posts\/2295\/revisions\/2310"}],"wp:featuredmedia":[{"embeddable":true,"href":"http:\/\/www.periodistasporlaigualdad.org\/index.php?rest_route=\/wp\/v2\/media\/2296"}],"wp:attachment":[{"href":"http:\/\/www.periodistasporlaigualdad.org\/index.php?rest_route=%2Fwp%2Fv2%2Fmedia&parent=2295"}],"wp:term":[{"taxonomy":"category","embeddable":true,"href":"http:\/\/www.periodistasporlaigualdad.org\/index.php?rest_route=%2Fwp%2Fv2%2Fcategories&post=2295"},{"taxonomy":"post_tag","embeddable":true,"href":"http:\/\/www.periodistasporlaigualdad.org\/index.php?rest_route=%2Fwp%2Fv2%2Ftags&post=2295"}],"curies":[{"name":"wp","href":"https:\/\/api.w.org\/{rel}","templated":true}]}}