{"id":2327,"date":"2022-07-12T11:04:56","date_gmt":"2022-07-12T11:04:56","guid":{"rendered":"http:\/\/www.periodistasporlaigualdad.org\/?p=2327"},"modified":"2022-07-12T11:54:28","modified_gmt":"2022-07-12T11:54:28","slug":"por-si-no-te-has-enterado-de-lo-que-hemos-hecho-en-el-primer-semestre-de-2022","status":"publish","type":"post","link":"http:\/\/www.periodistasporlaigualdad.org\/?p=2327","title":{"rendered":"POR SI NO TE HAS ENTERADO DE LO QUE HEMOS HECHO EN EL PRIMER SEMESTRE DE 2022"},"content":{"rendered":"<p>Publicamos aqu\u00ed el\u00a0<a href=\"http:\/\/www.periodistasporlaigualdad.org\/2022\/07\/12\/por-si-no-te-has-enterado-de-lo-que-hemos-hecho-en-el-primer-semestre-de-2022\/informe-1er-semestre-2022\/\" rel=\"attachment wp-att-2328\"><strong>INFORME<\/strong> <strong>DE ACTIVIDADES DEL 1ER SEMESTRE 2022<\/strong><\/a>\u00a0 de la Asociaci\u00f3n de Periodistas por la Igualdad. Al que tambi\u00e9n hay que a\u00f1adir que la asociaci\u00f3n de Periodistas por la Igualdad ya tenemos <a href=\"https:\/\/es.wikipedia.org\/wiki\/Periodistas_por_la_Igualdad\"><strong>p\u00e1gina en wikipedia<\/strong><\/a>. \u00a1No hemos parado! Y te animamos tambi\u00e9n a que te asocies. Con tu apoyo podremos\u00a0hacer muchas m\u00e1s cosas por un Periodismo de calidad que sea tambi\u00e9n promotor de la Igualdad de G\u00e9nero. En la asociaci\u00f3n podr\u00e1s dar un impulso a tus proyectos feministas. Tambi\u00e9n puedes\u00a0COLABORAR CON LA ASOCIACI\u00d3N. Si eres empresa con Responsabilidad Social Corporativa, puedes patrocinar alguna de nuestras actividades, la que m\u00e1s se ajuste a vuestra l\u00ednea de actuaci\u00f3n e intereses.<br \/>\nDatos de contacto: http:\/\/www.periodistasporlaigualdad.org\/<br \/>\naperiodistasporlaigualdad@gmail.com<br \/>\nTel\u00e9fono 678601076<\/p>\n<p>&#8211;<strong>CLUB DE LECTURA Y CATA<\/strong>, destinado a visibilizar la literatura realizada por periodistas con perspectiva de g\u00e9nero. La particularidad de este club es que las personas inscritas reciben en sus casas libro y botella de vino, para compartir placeres, y posteriormente se celebra de manera presencial (tambi\u00e9n online) la tertulia con la autora o autoras\/es.<br \/>\nEntre enero y febrero se abord\u00f3 la primera lectura, &#8216;Antiguas pero Modernas&#8217;, de Mar Abad, centrada en las vidas de cuatro periodistas pioneras del siglo XIX y las dificultades a que se enfrentaron para lograr dedicarse al Periodismo. El encuentro con Abad tuvo lugar en Zaragoza, en Etopia Centro de Arte y Tecnolog\u00eda (alojado en YouTube). Etopia quiso convertirse en sede permanente de las tertulias literarias que la Asociaci\u00f3n celebre en Zaragoza.<\/p>\n<p><strong>Participantes en la tertulia de &#8216;Antiguas pero Modernas&#8217;<\/strong><br \/>\nY entre mayo y junio se ha realizado la segunda lectura, &#8216;Nietas de la Memoria&#8217;, de Noem\u00ed San Juan y otras nueve periodistas que recuerdan, con esta obra, el papel fundamental que desempe\u00f1aron las mujeres durante la guerra civil espa\u00f1ola y la postguerra, su sufrimiento e invisibilidad. El coloquio con las autoras se ha celebrado recientemente en la Cantina del Ateneo de Madrid (alojado en YouTube).<a href=\"http:\/\/www.periodistasporlaigualdad.org\/2022\/07\/12\/por-si-no-te-has-enterado-de-lo-que-hemos-hecho-en-el-primer-semestre-de-2022\/en-una-reunion\/\" rel=\"attachment wp-att-2334\"><img decoding=\"async\" loading=\"lazy\" class=\"wp-image-2334 alignright\" src=\"http:\/\/www.periodistasporlaigualdad.org\/wp-content\/uploads\/2022\/07\/en-una-reunion-1024x461.jpeg\" alt=\"\" width=\"354\" height=\"159\" srcset=\"http:\/\/www.periodistasporlaigualdad.org\/wp-content\/uploads\/2022\/07\/en-una-reunion-1024x461.jpeg 1024w, http:\/\/www.periodistasporlaigualdad.org\/wp-content\/uploads\/2022\/07\/en-una-reunion-300x135.jpeg 300w, http:\/\/www.periodistasporlaigualdad.org\/wp-content\/uploads\/2022\/07\/en-una-reunion-768x346.jpeg 768w, http:\/\/www.periodistasporlaigualdad.org\/wp-content\/uploads\/2022\/07\/en-una-reunion-958x431.jpeg 958w, http:\/\/www.periodistasporlaigualdad.org\/wp-content\/uploads\/2022\/07\/en-una-reunion-600x270.jpeg 600w, http:\/\/www.periodistasporlaigualdad.org\/wp-content\/uploads\/2022\/07\/en-una-reunion.jpeg 1600w\" sizes=\"(max-width: 354px) 100vw, 354px\" \/><\/a><\/p>\n<p>&#8211;<strong>inSEX 2022<\/strong>. Tras la celebraci\u00f3n, en diciembre de 2021, de la II Jornada inSEX de sexualidad en la Facultad de Ciencias Sociales y del Trabajo de la Universidad de Zaragoza, se acometen ahora los preparativos de la edici\u00f3n m\u00e1s ambiciosa de este proyecto, el cual persigue ampliar el conocimiento de la sexualidad entre la poblaci\u00f3n y contribuir al desarrollo de una educaci\u00f3n acad\u00e9mica reglada y de calidad y de pol\u00edticas p\u00fablicas que favorezcan la igualdad de g\u00e9nero a este respecto. Es una iniciativa que tuvo su arranque en mayo de 2021 con las I Jornadas inSEX.<\/p>\n<p><strong>Mesa de las I Jornadas inSEX Mesa de las II Jornadas inSEX<\/strong><\/p>\n<p>La Asociaci\u00f3n cre\u00f3 estas jornadas, con el apoyo del Gobierno de Arag\u00f3n, desde el convencimiento de que una mejor informaci\u00f3n y educaci\u00f3n sexual en la sociedad contribuir\u00e1 de forma directa a la disminuci\u00f3n de la violencia contra las mujeres. Parte fundamental de estos encuentros es hacer tambi\u00e9n autocr\u00edtica como periodistas acerca de c\u00f3mo informamos de sexualidad desde los medios de comunicaci\u00f3n. Y fruto de esta iniciativa es una web espec\u00edfica sobre sexualidad, con informaci\u00f3n de recursos disponibles, que busca la interactividad y que ser\u00e1 puesta en marcha pr\u00f3ximamente. Las primeras y segundas jornadas est\u00e1n alojadas en YouTube. Las III Jornadas inSEX se celebrar\u00e1n en Huesca los d\u00edas 15, 16 y 17 de septiembre de 2022.<\/p>\n<p>&#8211;<strong>COLABORACI\u00d3N CON EL COLEGIO PROFESIONAL DE PSICOLOG\u00cdA DE ARAG\u00d3N<\/strong>, que desarrolla un test r\u00e1pido para periodistas, para testar las informaciones antes de publicarlas y evitar que contengan un enfoque machista.<\/p>\n<p>&#8211;<strong>B\u00daSQUEDA DE FINANCIACI\u00d3N PARA CREAR DOS BECAS PARA ESTUDIANTESDE\u00a0<\/strong><strong>PERIODISMO<\/strong>, para que participen en dos proyectos de la Asociaci\u00f3n: el Laboratorio de Titulares y la Agenda de Expertas\/os con Perspectiva de G\u00e9nero; a trav\u00e9s del convenio de colaboraci\u00f3n que la Asociaci\u00f3n mantiene con la Universidad de Zaragoza.<\/p>\n<p>&#8211;<strong>PLAN DE FORMACI\u00d3N EN G\u00c9NERO PARA PERIODISTAS.<\/strong> Acometida de tr\u00e1mites preliminares con el Instituto Aragon\u00e9s de la Mujer y la Corporaci\u00f3n Aragonesa de Radio y Televisi\u00f3n para la puesta en marcha de un ambicioso Plan de Formaci\u00f3n para periodistas en perspectiva de g\u00e9nero. La formaci\u00f3n es, para esta Asociaci\u00f3n, la principal apuesta, desde el convencimiento de que es lo primero a abordar siendo, como es, una tarea ardua nada respaldada hasta el momento por los principales medios de comunicaci\u00f3n.<\/p>\n<p>&#8211;<strong>TALLERES DE LENGUAJE INCLUSIVO EN G\u00c9NERO<\/strong>. La Asociaci\u00f3n ofrece cursos, talleres y charlas sobre lenguaje inclusivo en los medios de comunicaci\u00f3n, una pr\u00e1ctica que tan s\u00f3lo hay que aprenderla, para la que basta pensar en incluir a las mujeres y que tiene ya desde hace tiempo un marco legal sin aplicaci\u00f3n real en la actualidad.<\/p>\n<p><strong>Charla sobre lenguaje inclusivo en Etopia con OnTopic.<\/strong> En el contexto de estas sesiones formativas, la Asociaci\u00f3n reci<a href=\"http:\/\/www.periodistasporlaigualdad.org\/2022\/07\/12\/por-si-no-te-has-enterado-de-lo-que-hemos-hecho-en-el-primer-semestre-de-2022\/ebg-dando-una-charla-en-etopia-sobre-lenguaje-inclusivo\/\" rel=\"attachment wp-att-2335\"><img decoding=\"async\" loading=\"lazy\" class=\"wp-image-2335 alignleft\" src=\"http:\/\/www.periodistasporlaigualdad.org\/wp-content\/uploads\/2022\/07\/EBG-dando-una-charla-en-Etop\u00eda-sobre-Lenguaje-Inclusivo-1024x766.jpeg\" alt=\"\" width=\"333\" height=\"249\" srcset=\"http:\/\/www.periodistasporlaigualdad.org\/wp-content\/uploads\/2022\/07\/EBG-dando-una-charla-en-Etop\u00eda-sobre-Lenguaje-Inclusivo-1024x766.jpeg 1024w, http:\/\/www.periodistasporlaigualdad.org\/wp-content\/uploads\/2022\/07\/EBG-dando-una-charla-en-Etop\u00eda-sobre-Lenguaje-Inclusivo-300x224.jpeg 300w, http:\/\/www.periodistasporlaigualdad.org\/wp-content\/uploads\/2022\/07\/EBG-dando-una-charla-en-Etop\u00eda-sobre-Lenguaje-Inclusivo-768x575.jpeg 768w, http:\/\/www.periodistasporlaigualdad.org\/wp-content\/uploads\/2022\/07\/EBG-dando-una-charla-en-Etop\u00eda-sobre-Lenguaje-Inclusivo-958x717.jpeg 958w, http:\/\/www.periodistasporlaigualdad.org\/wp-content\/uploads\/2022\/07\/EBG-dando-una-charla-en-Etop\u00eda-sobre-Lenguaje-Inclusivo-600x449.jpeg 600w, http:\/\/www.periodistasporlaigualdad.org\/wp-content\/uploads\/2022\/07\/EBG-dando-una-charla-en-Etop\u00eda-sobre-Lenguaje-Inclusivo.jpeg 2048w\" sizes=\"(max-width: 333px) 100vw, 333px\" \/><\/a>bi\u00f3, hace un par de a\u00f1os, el encargo de adaptar la p\u00e1gina web del Gobierno de Arag\u00f3n a un lenguaje inclusivo en g\u00e9nero.<\/p>\n<p><strong>-TALLER DE REALIZACI\u00d3N CON PERSPECTIVA DE G\u00c9NERO.<\/strong> Con el t\u00edtulo &#8216;Objetivo con Perspectiva de G\u00e9nero&#8217;, se imparti\u00f3 el pasado febrero un taller online encargado por el Instituto Canario de Igualdad, en colaboraci\u00f3n con la Radio y Televisi\u00f3n Canaria, a cuyos profesionales iba dirigido el curso, en especial a operadoras\/es de c\u00e1mara, editores\/as y realizadores\/as. A \u00e9l se inscribieron tambi\u00e9n profesionales de otros medios de comunicaci\u00f3n, llegando a casi cien las personas apuntadas. Se trataba de contribuir a la mejora del tratamiento y difusi\u00f3n de la informaci\u00f3n, por lo que se dot\u00f3 al alumnado de herramientas para identificar y evitar estereotipos<br \/>\nsexistas en las informaciones.<\/p>\n<p>&#8211;<strong>CONCENTRACI\u00d3N 8M.<\/strong> Solicitud de permisos a la Delegaci\u00f3n del Gobierno en Arag\u00f3n, convocatoria de la concentraci\u00f3n 8M de periodistas y redacci\u00f3n del manifiesto, en colaboraci\u00f3n con el Colegio de Periodistas de Arag\u00f3n. Este a\u00f1o se formul\u00f3 adem\u00e1s una invitaci\u00f3n expresa a participar en el acto a la Asociaci\u00f3n de Fotoperiodistas de Arag\u00f3n y uno de sus miembros ley\u00f3 un punto del manifiesto. Era la primera vez que los hombres formaban parte de la concentraci\u00f3n del 8M, apoyando as\u00ed las reivindicaciones de igualdad de g\u00e9nero. Como Asociaci\u00f3n, se particip\u00f3<br \/>\nadem\u00e1s en las manifestaciones generales del 8M, en Arag\u00f3n, Madrid y Andaluc\u00eda, las tres comunidades aut\u00f3nomas donde trabajan las socias\/os de Periodistas por la Igualdad.<\/p>\n<p><strong>-PROTOCOLO DE COBERTURA DE LA VIOLENCIA MACHISTA.<\/strong> El 24 de junio de 2022 se celebr\u00f3 una reuni\u00f3n con periodistas, psic\u00f3logas\/os y soci\u00f3logas\/os para concretar un texto de solicitud de un Protocolo con Interior para la cobertura de los casos de violencia de g\u00e9nero. Dicha cobertura contendr\u00eda m\u00e1s f\u00e1cilmente una perspectiva de g\u00e9nero, es decir se informar\u00eda sin revictimizar a las v\u00edctimas y culpando con rotundidad al culpable si existiera para esos casos una colaboraci\u00f3n con los Cuerpos y Fuerzas de Seguridad del Estado. El texto resultante ser\u00e1 despu\u00e9s elevado al Ministerio de Interior.<\/p>\n<p>&#8211;<strong>REUNI\u00d3N CON LA COMISI\u00d3N DE LA MUJER DEL SENADO.<\/strong> La Asociaci\u00f3n se reunir\u00e1 pr\u00f3ximamente con la Comisi\u00f3n de la Mujer del Senado, para transmitirle sus puntos de vista como periodistas en materia de g\u00e9nero y exponer una serie de proyectos formativos que podr\u00edan salir adelante con la colaboraci\u00f3n del Senado.<\/p>\n<p><strong>-PRESENTACI\u00d3N DE ESTUDIOS ACAD\u00c9MICOS.<\/strong> Muchas socias llevan a cabo<strong><a href=\"https:\/\/dialnet.unirioja.es\/servlet\/articulo?codigo=7961056\"> investigaciones acad\u00e9micas<\/a> <\/strong>en materia de g\u00e9nero o que incluyen, en alg\u00fan apartado, esta perspectiva, lo que convierte a la Asociaci\u00f3n en plataforma de visibilizaci\u00f3n de estos estudios. Invitando a todas aquellas personas que investigan con perspectiva de g\u00e9nero, se pretende servir de escaparate y fomento de todas aquellas propuestas que visibilicen a las mujeres.<\/p>\n<p><strong>&#8211;<\/strong><a href=\"https:\/\/www.youtube.com\/watch?v=UzESRK_vFlA\"><strong>REUNI\u00d3N CON EL CL\u00daSTER AUDIOVISUAL ARAGON\u00c9S<\/strong><\/a> para abordar tambi\u00e9n la formaci\u00f3n en g\u00e9nero para profesionales del sector, especialmente guionistas y en concreto en visualizaci\u00f3n, an\u00e1lisis y deconstrucci\u00f3n de estereotipos. La finalidad es siempre ofrecer a la ciudadan\u00eda una comunicaci\u00f3n de todo tipo de calidad. Adem\u00e1s, con esta colaboraci\u00f3n se programar\u00e1 la visibilidad de trabajos audiovisuales con especial presencia femenina.<\/p>\n<div id=\"attachment_2330\" style=\"width: 581px\" class=\"wp-caption aligncenter\"><a href=\"http:\/\/www.periodistasporlaigualdad.org\/2022\/07\/12\/por-si-no-te-has-enterado-de-lo-que-hemos-hecho-en-el-primer-semestre-de-2022\/esther-puisac-noguerol\/\" rel=\"attachment wp-att-2330\"><img aria-describedby=\"caption-attachment-2330\" decoding=\"async\" loading=\"lazy\" class=\"wp-image-2330 \" src=\"http:\/\/www.periodistasporlaigualdad.org\/wp-content\/uploads\/2022\/07\/Esther-Puisac-Noguerol-1024x576.jpg\" alt=\"\" width=\"571\" height=\"321\" srcset=\"http:\/\/www.periodistasporlaigualdad.org\/wp-content\/uploads\/2022\/07\/Esther-Puisac-Noguerol-1024x576.jpg 1024w, http:\/\/www.periodistasporlaigualdad.org\/wp-content\/uploads\/2022\/07\/Esther-Puisac-Noguerol-300x169.jpg 300w, http:\/\/www.periodistasporlaigualdad.org\/wp-content\/uploads\/2022\/07\/Esther-Puisac-Noguerol-768x432.jpg 768w, http:\/\/www.periodistasporlaigualdad.org\/wp-content\/uploads\/2022\/07\/Esther-Puisac-Noguerol-958x539.jpg 958w, http:\/\/www.periodistasporlaigualdad.org\/wp-content\/uploads\/2022\/07\/Esther-Puisac-Noguerol-600x338.jpg 600w, http:\/\/www.periodistasporlaigualdad.org\/wp-content\/uploads\/2022\/07\/Esther-Puisac-Noguerol.jpg 1600w\" sizes=\"(max-width: 571px) 100vw, 571px\" \/><\/a><p id=\"caption-attachment-2330\" class=\"wp-caption-text\">Esther Puisac, socia de la Asoc. Periodistas por la Igualdad moderando el debate tras la actuaci\u00f3n de las c\u00f3micas Nerea Garmendia, Bianca Kovacs, Lady Sarcasmo y presentado por Mar\u00eda de Rada<\/p><\/div>\n<p>Se han moderado dos debates con las autoras de <a href=\"https:\/\/www.zaragoza.es\/sede\/servicio\/cultura\/evento\/programa\/1947\"><strong>C\u00f3micas Fest<\/strong><\/a>,\u00a0 Zaragoza, junio.<\/p>\n<p>&#8212;&#8212;&#8212;&#8212;&#8212;&#8212;&#8212;&#8212;&#8212;&#8212;&#8212;&#8212;<br \/>\n<strong>Actividad habitual:<\/strong><br \/>\n-Publicaciones en p\u00e1gina web y redes sociales.<br \/>\n-Comunicaci\u00f3n y debate entre socias\/os a trav\u00e9s de los canales establecidos.<br \/>\n-Gesti\u00f3n y administraci\u00f3n de socias\/os.<br \/>\n-B\u00fasqueda de financiaci\u00f3n para el desarrollo de ciertos proyectos.<br \/>\n-Dise\u00f1o de talleres formativos.<br \/>\nJunto a ello, se mantiene colaboraci\u00f3n con numerosas entidades y proyectos de visibilizaci\u00f3n de las<br \/>\nmujeres, entre ellos:<br \/>\n-La Red Estatal de Comunicadoras Feministas.<br \/>\n-La Universidad Aut\u00f3noma de Barcelona y otras universidades espa\u00f1olas.<br \/>\n-El Instituto Aragon\u00e9s de la Juventud.<br \/>\n-C\u00f3micas Fest.<br \/>\n-Farmamundi.<br \/>\n-Asociaci\u00f3n Aragonesa de Mujeres Empresarias.<br \/>\n-Asociaci\u00f3n para Mujeres en el Deporte Profesional.<\/p>\n<p>&nbsp;<\/p>\n<p>&nbsp;<\/p>\n","protected":false},"excerpt":{"rendered":"<p>Publicamos aqu\u00ed el\u00a0INFORME DE ACTIVIDADES DEL 1ER SEMESTRE 2022\u00a0 de la Asociaci\u00f3n de Periodistas por la Igualdad. Al que tambi\u00e9n hay que a\u00f1adir que la asociaci\u00f3n de Periodistas por la Igualdad ya tenemos p\u00e1gina en wikipedia. \u00a1No hemos parado! Y te animamos tambi\u00e9n a que te asocies. Con tu apoyo podremos\u00a0hacer muchas m\u00e1s cosas por un Periodismo de calidad que sea tambi\u00e9n promotor de la Igualdad de G\u00e9nero. En la asociaci\u00f3n podr\u00e1s dar un impulso a tus proyectos feministas. Tambi\u00e9n puedes\u00a0COLABORAR CON LA ASOCIACI\u00d3N. Si eres empresa con Responsabilidad Social Corporativa, puedes patrocinar alguna de nuestras actividades, la que m\u00e1s se ajuste a vuestra l\u00ednea de actuaci\u00f3n e intereses. Datos de contacto: http:\/\/www.periodistasporlaigualdad.org\/ aperiodistasporlaigualdad@gmail.com Tel\u00e9fono 678601076 &#8211;CLUB DE LECTURA Y CATA, destinado a visibilizar la literatura realizada por periodistas con perspectiva de g\u00e9nero. La particularidad de este club es que las personas inscritas reciben en sus casas libro y botella de vino, para compartir placeres, y posteriormente se celebra de manera presencial (tambi\u00e9n online) la tertulia con la autora o autoras\/es. Entre enero y febrero se abord\u00f3 la primera lectura, &#8216;Antiguas pero Modernas&#8217;, de Mar Abad, centrada en las vidas de cuatro periodistas pioneras del siglo XIX y las dificultades a que se enfrentaron para lograr dedicarse al Periodismo. El encuentro con Abad tuvo lugar en Zaragoza, en Etopia Centro de Arte y Tecnolog\u00eda (alojado en YouTube). Etopia quiso convertirse en sede permanente de las tertulias literarias que la Asociaci\u00f3n celebre en Zaragoza. Participantes en la tertulia de &#8216;Antiguas pero Modernas&#8217; Y entre mayo y junio se ha realizado la segunda lectura, &#8216;Nietas de la Memoria&#8217;, de Noem\u00ed San Juan y otras nueve periodistas que recuerdan, con esta obra, el papel fundamental que desempe\u00f1aron las mujeres durante la guerra civil espa\u00f1ola y la postguerra, su sufrimiento e invisibilidad. El coloquio con las autoras se ha celebrado recientemente en la Cantina del Ateneo de Madrid (alojado en YouTube). &#8211;inSEX 2022. Tras la celebraci\u00f3n, en diciembre de 2021, de la II Jornada inSEX de sexualidad en la Facultad de Ciencias Sociales y del Trabajo de la Universidad de Zaragoza, se acometen ahora los preparativos de la edici\u00f3n m\u00e1s ambiciosa de este proyecto, el cual persigue ampliar el conocimiento de la sexualidad entre la poblaci\u00f3n y contribuir al desarrollo de una educaci\u00f3n acad\u00e9mica reglada y de calidad y de pol\u00edticas p\u00fablicas que favorezcan la igualdad de g\u00e9nero a este respecto. Es una iniciativa que tuvo su arranque en mayo de 2021 con las I Jornadas inSEX. Mesa de las I Jornadas inSEX Mesa de las II Jornadas inSEX La Asociaci\u00f3n cre\u00f3 estas jornadas, con el apoyo del Gobierno de Arag\u00f3n, desde el convencimiento de que una mejor informaci\u00f3n y educaci\u00f3n sexual en la sociedad contribuir\u00e1 de forma directa a la disminuci\u00f3n de la violencia contra las mujeres. Parte fundamental de estos encuentros es hacer tambi\u00e9n autocr\u00edtica como periodistas acerca de c\u00f3mo informamos de sexualidad desde los medios de comunicaci\u00f3n. Y fruto de esta iniciativa es una web espec\u00edfica sobre sexualidad, con informaci\u00f3n de recursos disponibles, que busca la interactividad y que ser\u00e1 puesta en marcha pr\u00f3ximamente. Las primeras y segundas jornadas est\u00e1n alojadas [&hellip;]<\/p>\n","protected":false},"author":1,"featured_media":2329,"comment_status":"open","ping_status":"open","sticky":false,"template":"","format":"standard","meta":[],"categories":[458,457,472,471],"tags":[473,342,388,474],"_links":{"self":[{"href":"http:\/\/www.periodistasporlaigualdad.org\/index.php?rest_route=\/wp\/v2\/posts\/2327"}],"collection":[{"href":"http:\/\/www.periodistasporlaigualdad.org\/index.php?rest_route=\/wp\/v2\/posts"}],"about":[{"href":"http:\/\/www.periodistasporlaigualdad.org\/index.php?rest_route=\/wp\/v2\/types\/post"}],"author":[{"embeddable":true,"href":"http:\/\/www.periodistasporlaigualdad.org\/index.php?rest_route=\/wp\/v2\/users\/1"}],"replies":[{"embeddable":true,"href":"http:\/\/www.periodistasporlaigualdad.org\/index.php?rest_route=%2Fwp%2Fv2%2Fcomments&post=2327"}],"version-history":[{"count":6,"href":"http:\/\/www.periodistasporlaigualdad.org\/index.php?rest_route=\/wp\/v2\/posts\/2327\/revisions"}],"predecessor-version":[{"id":2338,"href":"http:\/\/www.periodistasporlaigualdad.org\/index.php?rest_route=\/wp\/v2\/posts\/2327\/revisions\/2338"}],"wp:featuredmedia":[{"embeddable":true,"href":"http:\/\/www.periodistasporlaigualdad.org\/index.php?rest_route=\/wp\/v2\/media\/2329"}],"wp:attachment":[{"href":"http:\/\/www.periodistasporlaigualdad.org\/index.php?rest_route=%2Fwp%2Fv2%2Fmedia&parent=2327"}],"wp:term":[{"taxonomy":"category","embeddable":true,"href":"http:\/\/www.periodistasporlaigualdad.org\/index.php?rest_route=%2Fwp%2Fv2%2Fcategories&post=2327"},{"taxonomy":"post_tag","embeddable":true,"href":"http:\/\/www.periodistasporlaigualdad.org\/index.php?rest_route=%2Fwp%2Fv2%2Ftags&post=2327"}],"curies":[{"name":"wp","href":"https:\/\/api.w.org\/{rel}","templated":true}]}}