{"id":2412,"date":"2022-11-16T10:47:21","date_gmt":"2022-11-16T10:47:21","guid":{"rendered":"http:\/\/www.periodistasporlaigualdad.org\/?p=2412"},"modified":"2023-07-23T01:07:16","modified_gmt":"2023-07-23T01:07:16","slug":"25n-juntas-contra-las-violencias-machistas","status":"publish","type":"post","link":"http:\/\/www.periodistasporlaigualdad.org\/?p=2412","title":{"rendered":"25N. Juntas contra las violencias machistas"},"content":{"rendered":"<p><a href=\"http:\/\/www.periodistasporlaigualdad.org\/2022\/11\/16\/25n-juntas-contra-las-violencias-machistas\/programa-17-de-noviembre-v-f_page-0001\/\" rel=\"attachment wp-att-2414\"><img decoding=\"async\" loading=\"lazy\" class=\" wp-image-2414 alignleft\" src=\"http:\/\/www.periodistasporlaigualdad.org\/wp-content\/uploads\/2022\/11\/Programa-17-de-noviembre-v.f_page-0001-724x1024.jpg\" alt=\"\" width=\"379\" height=\"656\" \/><\/a><span style=\"color: #000000;\">Es el jueves 17 de noviembre cuando Periodistas por la Igualdad celebra este a\u00f1o el <a style=\"color: #000000;\" href=\"https:\/\/www.diainternacionalde.com\/ficha\/dia-internacional-eliminacion-violencia-mujer\">25N<\/a>, el D\u00eda Internacional para la Eliminaci\u00f3n de la Violencia contra la Mujer, esta vez en Zaragoza. Y lo hace en colaboraci\u00f3n con el <a href=\"https:\/\/www.aragon.es\/organismos\/departamento-de-presidencia-y-relaciones-institucionales\/instituto-aragones-de-la-mujer-iam-\">Instituto Aragon\u00e9s de la Mujer<\/a>, organizador de la jornada de trabajo de ma\u00f1ana en el Edificio Pignatelli, sede del Gobierno de Arag\u00f3n.\u00a0<\/span><\/p>\n<p><span style=\"color: #000000;\">La justificaci\u00f3n de esta celebraci\u00f3n est\u00e1 contenida en los <strong>datos m\u00e1s recientes que arroja la violencia machista<\/strong>. La\u00a0<span class=\"css-901oao css-16my406 r-poiln3 r-bcqeeo r-qvutc0\">Unidad de Atenci\u00f3n a las Violencias hacia la Infancia y la Adolescencia del Hospital Vall d&#8217;Hebron de Barcelona\u00a0<\/span><span class=\"css-901oao css-16my406 r-poiln3 r-bcqeeo r-qvutc0\">ha atendido en un a\u00f1o a 341 menores y j\u00f3venes, el\u00a0<\/span><span class=\"css-901oao css-16my406 r-poiln3 r-bcqeeo r-qvutc0\">79% de las cuales ha sufrido violencia sexual; e<\/span><span class=\"css-901oao css-16my406 r-poiln3 r-bcqeeo r-qvutc0\">l 87% son ni\u00f1as y adolescentes (chicas) y el\u00a0<\/span><span class=\"css-901oao css-16my406 r-poiln3 r-bcqeeo r-qvutc0\">96% de los agresores son hombres. En el \u00faltimo a\u00f1o se han multiplicado por cinco los casos de riesgo alto. E<\/span><span class=\"css-901oao css-16my406 r-poiln3 r-bcqeeo r-qvutc0\">l n\u00famero de mujeres asesinadas por violencia de g\u00e9nero\u00a0<\/span><span class=\"css-901oao css-16my406 r-poiln3 r-bcqeeo r-qvutc0\">se eleva a 1.171 desde 2003, despu\u00e9s de que el Gobierno de Espa\u00f1a\u00a0<\/span><span class=\"css-901oao css-16my406 r-poiln3 r-bcqeeo r-qvutc0\">haya incluido tres feminicidios de 2019, 2020 y 2021 que estaban en investigaci\u00f3n. Y son 48 los menores asesinados desde 2013, cuando se inici\u00f3 el recuento de v\u00edctimas de violencia machista.<\/span><\/span><\/p>\n<p><span style=\"color: #000000;\">Bajo el lema &#8217;25N. Juntas contra las violencias machistas&#8217;, se re\u00fanen en esta jornada profesionales especialistas en Igualdad de diferentes instituciones. Se presentar\u00e1 el <strong>Proyecto Juntas en las Comarcas<\/strong>, con Mar\u00eda Goikoetxea, directora del Instituto Aragon\u00e9s de la Mujer, Mar\u00eda Rivas\u00e9s, de Atelier de Ideas,\u00a0Elisa Caus\u00edn, coordinadora de Servicios Sociales en la Comarca Cinco\u00a0Villas, de donde procede la Gu\u00eda de prevenci\u00f3n de la violencia para j\u00f3venes, y\u00a0Elena Planas, trabajadora social del Centro Comarcal de Los\u00a0Monegros, autor del Proyecto Tejiendo sororidad.\u00a0<\/span><\/p>\n<p><span style=\"color: #000000;\">El programa ofrece adem\u00e1s dos &#8216;p\u00edldoras formativas&#8217;:\u00a0<strong>Ley del &#8216;S\u00f3lo s\u00ed es s\u00ed&#8217;<\/strong>, con Itziar Altuzarra, del M\u00e1ster en Sociolog\u00eda jur\u00eddica del\u00a0Instituto Internacional de Sociolog\u00eda Jur\u00eddica de O\u00f1ati y Premio Manolo Calvo\u00a02022; y\u00a0<strong>Aspectos claves y modificaci\u00f3n de la Ley de Extranjer\u00eda<\/strong>, con Bego\u00f1a Heras,\u00a0especialista en Derecho de Extranjer\u00eda y abogada del SAOJI (Servicio de\u00a0Asistencia y Orientaci\u00f3n Jur\u00eddica al Inmigrante).<\/span><\/p>\n<p><span style=\"color: #000000;\">Ya por la tarde, se presentar\u00e1 el\u00a0<strong>Proyecto Femunited<\/strong> a cargo de sus autores,\u00a0Santiago Boira, el investigador principal, y Patricia Almaguer y Paz Olaciregui, miembros del\u00a0equipo investigador para Espa\u00f1a. Y Olarcegui moderar\u00e1 a continuaci\u00f3n dos mesas\u00a0redondas interactivas con la exposici\u00f3n de <strong>retos para un futuro feminista<\/strong>: en la primera intervienen las asociaciones Fademur, Coordinadora feminista de Zaragoza, Amanixer,\u00a0Secretariado Gitano y Somos +; y en la segunda, la Comisi\u00f3n Mujer FABZ, Somos LGTB, Centro Alba y\u00a0Federaci\u00f3n ACISJF. Carmen Serrano, de <strong>Periodistas por la Igualdad<\/strong>, conducir\u00e1 el acto.\u00a0<\/span><\/p>\n","protected":false},"excerpt":{"rendered":"<p>Es el jueves 17 de noviembre cuando Periodistas por la Igualdad celebra este a\u00f1o el 25N, el D\u00eda Internacional para la Eliminaci\u00f3n de la Violencia contra la Mujer, esta vez en Zaragoza. Y lo hace en colaboraci\u00f3n con el Instituto Aragon\u00e9s de la Mujer, organizador de la jornada de trabajo de ma\u00f1ana en el Edificio Pignatelli, sede del Gobierno de Arag\u00f3n.\u00a0 La justificaci\u00f3n de esta celebraci\u00f3n est\u00e1 contenida en los datos m\u00e1s recientes que arroja la violencia machista. La\u00a0Unidad de Atenci\u00f3n a las Violencias hacia la Infancia y la Adolescencia del Hospital Vall d&#8217;Hebron de Barcelona\u00a0ha atendido en un a\u00f1o a 341 menores y j\u00f3venes, el\u00a079% de las cuales ha sufrido violencia sexual; el 87% son ni\u00f1as y adolescentes (chicas) y el\u00a096% de los agresores son hombres. En el \u00faltimo a\u00f1o se han multiplicado por cinco los casos de riesgo alto. El n\u00famero de mujeres asesinadas por violencia de g\u00e9nero\u00a0se eleva a 1.171 desde 2003, despu\u00e9s de que el Gobierno de Espa\u00f1a\u00a0haya incluido tres feminicidios de 2019, 2020 y 2021 que estaban en investigaci\u00f3n. Y son 48 los menores asesinados desde 2013, cuando se inici\u00f3 el recuento de v\u00edctimas de violencia machista. Bajo el lema &#8217;25N. Juntas contra las violencias machistas&#8217;, se re\u00fanen en esta jornada profesionales especialistas en Igualdad de diferentes instituciones. Se presentar\u00e1 el Proyecto Juntas en las Comarcas, con Mar\u00eda Goikoetxea, directora del Instituto Aragon\u00e9s de la Mujer, Mar\u00eda Rivas\u00e9s, de Atelier de Ideas,\u00a0Elisa Caus\u00edn, coordinadora de Servicios Sociales en la Comarca Cinco\u00a0Villas, de donde procede la Gu\u00eda de prevenci\u00f3n de la violencia para j\u00f3venes, y\u00a0Elena Planas, trabajadora social del Centro Comarcal de Los\u00a0Monegros, autor del Proyecto Tejiendo sororidad.\u00a0 El programa ofrece adem\u00e1s dos &#8216;p\u00edldoras formativas&#8217;:\u00a0Ley del &#8216;S\u00f3lo s\u00ed es s\u00ed&#8217;, con Itziar Altuzarra, del M\u00e1ster en Sociolog\u00eda jur\u00eddica del\u00a0Instituto Internacional de Sociolog\u00eda Jur\u00eddica de O\u00f1ati y Premio Manolo Calvo\u00a02022; y\u00a0Aspectos claves y modificaci\u00f3n de la Ley de Extranjer\u00eda, con Bego\u00f1a Heras,\u00a0especialista en Derecho de Extranjer\u00eda y abogada del SAOJI (Servicio de\u00a0Asistencia y Orientaci\u00f3n Jur\u00eddica al Inmigrante). Ya por la tarde, se presentar\u00e1 el\u00a0Proyecto Femunited a cargo de sus autores,\u00a0Santiago Boira, el investigador principal, y Patricia Almaguer y Paz Olaciregui, miembros del\u00a0equipo investigador para Espa\u00f1a. Y Olarcegui moderar\u00e1 a continuaci\u00f3n dos mesas\u00a0redondas interactivas con la exposici\u00f3n de retos para un futuro feminista: en la primera intervienen las asociaciones Fademur, Coordinadora feminista de Zaragoza, Amanixer,\u00a0Secretariado Gitano y Somos +; y en la segunda, la Comisi\u00f3n Mujer FABZ, Somos LGTB, Centro Alba y\u00a0Federaci\u00f3n ACISJF. Carmen Serrano, de Periodistas por la Igualdad, conducir\u00e1 el acto.\u00a0<\/p>\n","protected":false},"author":1,"featured_media":2414,"comment_status":"open","ping_status":"open","sticky":false,"template":"","format":"standard","meta":[],"categories":[464],"tags":[405,406,482,353,485,484,483,486,487,481,117],"_links":{"self":[{"href":"http:\/\/www.periodistasporlaigualdad.org\/index.php?rest_route=\/wp\/v2\/posts\/2412"}],"collection":[{"href":"http:\/\/www.periodistasporlaigualdad.org\/index.php?rest_route=\/wp\/v2\/posts"}],"about":[{"href":"http:\/\/www.periodistasporlaigualdad.org\/index.php?rest_route=\/wp\/v2\/types\/post"}],"author":[{"embeddable":true,"href":"http:\/\/www.periodistasporlaigualdad.org\/index.php?rest_route=\/wp\/v2\/users\/1"}],"replies":[{"embeddable":true,"href":"http:\/\/www.periodistasporlaigualdad.org\/index.php?rest_route=%2Fwp%2Fv2%2Fcomments&post=2412"}],"version-history":[{"count":2,"href":"http:\/\/www.periodistasporlaigualdad.org\/index.php?rest_route=\/wp\/v2\/posts\/2412\/revisions"}],"predecessor-version":[{"id":2417,"href":"http:\/\/www.periodistasporlaigualdad.org\/index.php?rest_route=\/wp\/v2\/posts\/2412\/revisions\/2417"}],"wp:featuredmedia":[{"embeddable":true,"href":"http:\/\/www.periodistasporlaigualdad.org\/index.php?rest_route=\/wp\/v2\/media\/2414"}],"wp:attachment":[{"href":"http:\/\/www.periodistasporlaigualdad.org\/index.php?rest_route=%2Fwp%2Fv2%2Fmedia&parent=2412"}],"wp:term":[{"taxonomy":"category","embeddable":true,"href":"http:\/\/www.periodistasporlaigualdad.org\/index.php?rest_route=%2Fwp%2Fv2%2Fcategories&post=2412"},{"taxonomy":"post_tag","embeddable":true,"href":"http:\/\/www.periodistasporlaigualdad.org\/index.php?rest_route=%2Fwp%2Fv2%2Ftags&post=2412"}],"curies":[{"name":"wp","href":"https:\/\/api.w.org\/{rel}","templated":true}]}}