{"id":2419,"date":"2022-10-26T16:39:09","date_gmt":"2022-10-26T16:39:09","guid":{"rendered":"http:\/\/www.periodistasporlaigualdad.org\/?p=2419"},"modified":"2022-11-20T16:42:24","modified_gmt":"2022-11-20T16:42:24","slug":"mujer-cancer-y-equidad-debate-de-la-asoc-espanola-contra-el-cancer-moderado-por-nuestra-socia-esther-puisac-nogarol","status":"publish","type":"post","link":"http:\/\/www.periodistasporlaigualdad.org\/?p=2419","title":{"rendered":"\u2018Mujer, c\u00e1ncer y equidad\u2019, debate de la Asoc. Espa\u00f1ola contra el c\u00e1ncer moderado por nuestra socia Esther Puisac Nogarol"},"content":{"rendered":"<p>El pasado 20 de octubre tuvo lugar en el <a href=\"https:\/\/www.huesca.es\/-\/centro-cultural-manuel-benito-moliner?redirect=\/ayuntamiento\/tramites-y-gestiones\/instalaciones-y-equipamientos\/culturales\">Centro Cultural Manuel Benito Moliner de Huesca<\/a>,<\/p>\n<div id=\"attachment_2420\" style=\"width: 480px\" class=\"wp-caption alignright\"><a href=\"http:\/\/www.periodistasporlaigualdad.org\/2022\/10\/26\/mujer-cancer-y-equidad-debate-de-la-asoc-espanola-contra-el-cancer-moderado-por-nuestra-socia-esther-puisac-nogarol\/asoc-conta-el-cancerdehuesca\/\" rel=\"attachment wp-att-2420\"><img aria-describedby=\"caption-attachment-2420\" decoding=\"async\" loading=\"lazy\" class=\"wp-image-2420\" src=\"http:\/\/www.periodistasporlaigualdad.org\/wp-content\/uploads\/2022\/11\/asoc-conta-el-cancerdeHuesca-1024x597.jpg\" alt=\"\" width=\"470\" height=\"274\" srcset=\"http:\/\/www.periodistasporlaigualdad.org\/wp-content\/uploads\/2022\/11\/asoc-conta-el-cancerdeHuesca-1024x597.jpg 1024w, http:\/\/www.periodistasporlaigualdad.org\/wp-content\/uploads\/2022\/11\/asoc-conta-el-cancerdeHuesca-300x175.jpg 300w, http:\/\/www.periodistasporlaigualdad.org\/wp-content\/uploads\/2022\/11\/asoc-conta-el-cancerdeHuesca-768x448.jpg 768w, http:\/\/www.periodistasporlaigualdad.org\/wp-content\/uploads\/2022\/11\/asoc-conta-el-cancerdeHuesca-958x559.jpg 958w, http:\/\/www.periodistasporlaigualdad.org\/wp-content\/uploads\/2022\/11\/asoc-conta-el-cancerdeHuesca-600x350.jpg 600w, http:\/\/www.periodistasporlaigualdad.org\/wp-content\/uploads\/2022\/11\/asoc-conta-el-cancerdeHuesca.jpg 1080w\" sizes=\"(max-width: 470px) 100vw, 470px\" \/><\/a><p id=\"caption-attachment-2420\" class=\"wp-caption-text\">El p\u00fablico llen\u00f3 por completo el sal\u00f3n de actos del centro cultural<\/p><\/div>\n<p>un interesant\u00edsmo debate sobre\u00a0 las formas que tiene la mujer de afrontar el c\u00e1ncer, los problemas que representa, las desigualdades que conlleva y lo mucho que\u00a0 queda por hacer. Con el t\u00edtulo <strong>&#8216;Mujer, C\u00e1ncer y Equidad&#8217;<\/strong>,\u00a0 el encuentro cont\u00f3 con la participaci\u00f3n de la psiquiatra del Hospital Universitario Cl\u00ednico San Carlos de Madrid y divulgadora <a href=\"https:\/\/www.publico.es\/entrevistas\/psiquiatra-rosa-molina-no-hay-adictivo-alguien-diga-guapo-sales-foto.html\"><strong>Rosa Molina<\/strong><\/a>, el catedr\u00e1tico de Sociolog\u00eda de la Universidad de Salamanca<a href=\"https:\/\/sociocav.usal.es\/web\/miembros\/sociologia\/gil-villa\/\"><strong> Fernando Gil Villa<\/strong><\/a>, la periodista <strong><a href=\"https:\/\/www.lasexta.com\/temas\/mamen_mendizabal-1\">Mamen Mendiz\u00e1bal<\/a>,<\/strong> y el presidente de la <a href=\"https:\/\/www.facebook.com\/contraelcancer.huesca\/\">Asoc. Espa\u00f1ola Contra el C\u00e1ncer en Huesca<\/a>,<strong><a href=\"https:\/\/www.heraldo.es\/noticias\/aragon\/huesca\/2020\/01\/28\/un-ginecologo-presidira-la-asociacion-contra-el-cancer-en-huesca-1355809.html\"> Jos\u00e9 Manuel Ram\u00f3n y Cajal<\/a>. <\/strong>Un encuentro que estuvo\u00a0 moderado por la periodista<a href=\"http:\/\/www.periodistasporlaigualdad.org\/category\/esther-puisac\/\"><strong> Esther Puisac Nogarol<\/strong><\/a>.<\/p>\n<p>El c\u00e1ncer es una enfermedad (o muchas enfermedades al mismo tiempo) igual para todo el mundo pero que, al mismo tiempo, tambi\u00e9n representa grandes desigualdades si quienes la sufren son las mujeres. Un 25% de las mujeres con c\u00e1cer sienten que sufren un mayor estigma que los hombres.\u00a0\u00a0Tienen m\u00e1s problemas laborales y familiares que ellos y se sienten m\u00e1s cuestionadas y solas.\u00a0 Datos que se extrajeron del estudio de la Asociaci\u00f3n Espa\u00f1ola contra el c\u00e1ncer (AECC) en el que se muestra que no todas las personas son iguales frente al c\u00e1ncer. Adem\u00e1s del g\u00e9nero, &#8220;existen factores sociales, como el lugar donde se vive (el c\u00f3digo postal), los ingresos anuales o los ahorros en la cuenta bancaria, que indluyen m\u00e1s de lo que creemos\u00a0 en las desigualdades a la hora de prevenir y tratar la enfermedad&#8221;.<\/p>\n<p>En el debate se habl\u00f3 tambi\u00e9n del estudio <strong><a href=\"https:\/\/www.merckgroup.com\/company\/responsibility\/en\/Supporting-Women-With-Cancer-Report-MERCK-FINAL.pdf\">&#8216;Apoyando a las mujeres&#8217;<\/a><\/strong>, realizado en 23 pa\u00edses y elaborado por la compa\u00f1\u00eda Merck y la Uni\u00f3n Internacional para el Control del C\u00e1ncer (<strong>UICC<\/strong>), que aporta datos que hacen pensar respecto a la desigualdad de g\u00e9nero que sufren las mujeres con esta enfermedad. En Espa\u00f1a, &#8220;un 16% decide no informar de su situaci\u00f3n en el trabajo y, de aquellas que superan ese miedo y lo notifican, un 54% no recibe ninguna ayuda&#8221;. Pero las mujeres con c\u00e1ncer no solo sufren estigmatizaci\u00f3n en el mundo laboral, sino que tambi\u00e9n, m\u00e1s de la mitad de las mujeres encuestadas necesitaron\u00a0 asesoramiento\u00a0 profesional sanitario para disminuir y sobrellevar los problemas que el c\u00e1ncer les genera a nivel familiar, respecto a los cuidados que ya no pueden hacer.<\/p>\n<p>Otro dato a tener en cuenta y que hay que eliminar es que el 53% de las mujeres entre 18 y 59 a\u00f1os nunca han asistido a ning\u00fan programa de detecci\u00f3n. Una cifra alt\u00edsima que debe desaparecer a trav\u00f1es de mejorar los programas de prevenci\u00f3n, detecci\u00f3n y de apoyo a las mujeres que sufren c\u00e1ncer con el fin de terminar con la estigmatizaci\u00f3n que \u00e9stas sienten respecto a los hombres. Un desaf\u00edo que ha tomado como objetivo la AECC.<\/p>\n<p>TAmbi\u00e9n quieren aportar su peque\u00f1o grano de arena para promover la investigaci\u00f3n de los tumores menos frecuentes, buscando ampliar al 70% en el 2030, la supervivencia global.<\/p>\n<p>Esta enfermedad supone la principal causa de falle<a href=\"http:\/\/www.periodistasporlaigualdad.org\/2022\/10\/26\/mujer-cancer-y-equidad-debate-de-la-asoc-espanola-contra-el-cancer-moderado-por-nuestra-socia-esther-puisac-nogarol\/asoc-contra-el-cancer-debate\/\" rel=\"attachment wp-att-2421\"><img decoding=\"async\" loading=\"lazy\" class=\"wp-image-2421 alignleft\" src=\"http:\/\/www.periodistasporlaigualdad.org\/wp-content\/uploads\/2022\/11\/asoc.-contra-el-cancer-debate-1024x597.jpg\" alt=\"\" width=\"381\" height=\"222\" srcset=\"http:\/\/www.periodistasporlaigualdad.org\/wp-content\/uploads\/2022\/11\/asoc.-contra-el-cancer-debate-1024x597.jpg 1024w, http:\/\/www.periodistasporlaigualdad.org\/wp-content\/uploads\/2022\/11\/asoc.-contra-el-cancer-debate-300x175.jpg 300w, http:\/\/www.periodistasporlaigualdad.org\/wp-content\/uploads\/2022\/11\/asoc.-contra-el-cancer-debate-768x448.jpg 768w, http:\/\/www.periodistasporlaigualdad.org\/wp-content\/uploads\/2022\/11\/asoc.-contra-el-cancer-debate-958x559.jpg 958w, http:\/\/www.periodistasporlaigualdad.org\/wp-content\/uploads\/2022\/11\/asoc.-contra-el-cancer-debate-600x350.jpg 600w, http:\/\/www.periodistasporlaigualdad.org\/wp-content\/uploads\/2022\/11\/asoc.-contra-el-cancer-debate.jpg 1080w\" sizes=\"(max-width: 381px) 100vw, 381px\" \/><\/a>cimiento de la poblaci\u00f3n femenina a lo largo de todo el mundo. Seg\u00fan las cifras facilitadas por la Organizaci\u00f3n Mundial de la Salud (OMS), este c\u00e1ncer supone el 16% del total de los padecidos por las mujeres a nivel mundial.<\/p>\n<div class=\"x11i5rnm xat24cr x1mh8g0r x1vvkbs xtlvy1s x126k92a\"><\/div>\n<div class=\"x11i5rnm xat24cr x1mh8g0r x1vvkbs xtlvy1s x126k92a\">\n<div dir=\"auto\"><\/div>\n<\/div>\n","protected":false},"excerpt":{"rendered":"<p>El pasado 20 de octubre tuvo lugar en el Centro Cultural Manuel Benito Moliner de Huesca, un interesant\u00edsmo debate sobre\u00a0 las formas que tiene la mujer de afrontar el c\u00e1ncer, los problemas que representa, las desigualdades que conlleva y lo mucho que\u00a0 queda por hacer. Con el t\u00edtulo &#8216;Mujer, C\u00e1ncer y Equidad&#8217;,\u00a0 el encuentro cont\u00f3 con la participaci\u00f3n de la psiquiatra del Hospital Universitario Cl\u00ednico San Carlos de Madrid y divulgadora Rosa Molina, el catedr\u00e1tico de Sociolog\u00eda de la Universidad de Salamanca Fernando Gil Villa, la periodista Mamen Mendiz\u00e1bal, y el presidente de la Asoc. Espa\u00f1ola Contra el C\u00e1ncer en Huesca, Jos\u00e9 Manuel Ram\u00f3n y Cajal. Un encuentro que estuvo\u00a0 moderado por la periodista Esther Puisac Nogarol. El c\u00e1ncer es una enfermedad (o muchas enfermedades al mismo tiempo) igual para todo el mundo pero que, al mismo tiempo, tambi\u00e9n representa grandes desigualdades si quienes la sufren son las mujeres. Un 25% de las mujeres con c\u00e1cer sienten que sufren un mayor estigma que los hombres.\u00a0\u00a0Tienen m\u00e1s problemas laborales y familiares que ellos y se sienten m\u00e1s cuestionadas y solas.\u00a0 Datos que se extrajeron del estudio de la Asociaci\u00f3n Espa\u00f1ola contra el c\u00e1ncer (AECC) en el que se muestra que no todas las personas son iguales frente al c\u00e1ncer. Adem\u00e1s del g\u00e9nero, &#8220;existen factores sociales, como el lugar donde se vive (el c\u00f3digo postal), los ingresos anuales o los ahorros en la cuenta bancaria, que indluyen m\u00e1s de lo que creemos\u00a0 en las desigualdades a la hora de prevenir y tratar la enfermedad&#8221;. En el debate se habl\u00f3 tambi\u00e9n del estudio &#8216;Apoyando a las mujeres&#8217;, realizado en 23 pa\u00edses y elaborado por la compa\u00f1\u00eda Merck y la Uni\u00f3n Internacional para el Control del C\u00e1ncer (UICC), que aporta datos que hacen pensar respecto a la desigualdad de g\u00e9nero que sufren las mujeres con esta enfermedad. En Espa\u00f1a, &#8220;un 16% decide no informar de su situaci\u00f3n en el trabajo y, de aquellas que superan ese miedo y lo notifican, un 54% no recibe ninguna ayuda&#8221;. Pero las mujeres con c\u00e1ncer no solo sufren estigmatizaci\u00f3n en el mundo laboral, sino que tambi\u00e9n, m\u00e1s de la mitad de las mujeres encuestadas necesitaron\u00a0 asesoramiento\u00a0 profesional sanitario para disminuir y sobrellevar los problemas que el c\u00e1ncer les genera a nivel familiar, respecto a los cuidados que ya no pueden hacer. Otro dato a tener en cuenta y que hay que eliminar es que el 53% de las mujeres entre 18 y 59 a\u00f1os nunca han asistido a ning\u00fan programa de detecci\u00f3n. Una cifra alt\u00edsima que debe desaparecer a trav\u00f1es de mejorar los programas de prevenci\u00f3n, detecci\u00f3n y de apoyo a las mujeres que sufren c\u00e1ncer con el fin de terminar con la estigmatizaci\u00f3n que \u00e9stas sienten respecto a los hombres. Un desaf\u00edo que ha tomado como objetivo la AECC. TAmbi\u00e9n quieren aportar su peque\u00f1o grano de arena para promover la investigaci\u00f3n de los tumores menos frecuentes, buscando ampliar al 70% en el 2030, la supervivencia global. Esta enfermedad supone la principal causa de fallecimiento de la poblaci\u00f3n femenina a lo largo de todo el mundo. Seg\u00fan las cifras facilitadas por la Organizaci\u00f3n Mundial de la Salud (OMS), [&hellip;]<\/p>\n","protected":false},"author":1,"featured_media":2422,"comment_status":"open","ping_status":"open","sticky":false,"template":"","format":"standard","meta":[],"categories":[488,442],"tags":[490,489,491,151],"_links":{"self":[{"href":"http:\/\/www.periodistasporlaigualdad.org\/index.php?rest_route=\/wp\/v2\/posts\/2419"}],"collection":[{"href":"http:\/\/www.periodistasporlaigualdad.org\/index.php?rest_route=\/wp\/v2\/posts"}],"about":[{"href":"http:\/\/www.periodistasporlaigualdad.org\/index.php?rest_route=\/wp\/v2\/types\/post"}],"author":[{"embeddable":true,"href":"http:\/\/www.periodistasporlaigualdad.org\/index.php?rest_route=\/wp\/v2\/users\/1"}],"replies":[{"embeddable":true,"href":"http:\/\/www.periodistasporlaigualdad.org\/index.php?rest_route=%2Fwp%2Fv2%2Fcomments&post=2419"}],"version-history":[{"count":3,"href":"http:\/\/www.periodistasporlaigualdad.org\/index.php?rest_route=\/wp\/v2\/posts\/2419\/revisions"}],"predecessor-version":[{"id":2428,"href":"http:\/\/www.periodistasporlaigualdad.org\/index.php?rest_route=\/wp\/v2\/posts\/2419\/revisions\/2428"}],"wp:featuredmedia":[{"embeddable":true,"href":"http:\/\/www.periodistasporlaigualdad.org\/index.php?rest_route=\/wp\/v2\/media\/2422"}],"wp:attachment":[{"href":"http:\/\/www.periodistasporlaigualdad.org\/index.php?rest_route=%2Fwp%2Fv2%2Fmedia&parent=2419"}],"wp:term":[{"taxonomy":"category","embeddable":true,"href":"http:\/\/www.periodistasporlaigualdad.org\/index.php?rest_route=%2Fwp%2Fv2%2Fcategories&post=2419"},{"taxonomy":"post_tag","embeddable":true,"href":"http:\/\/www.periodistasporlaigualdad.org\/index.php?rest_route=%2Fwp%2Fv2%2Ftags&post=2419"}],"curies":[{"name":"wp","href":"https:\/\/api.w.org\/{rel}","templated":true}]}}