{"id":2495,"date":"2023-02-01T18:09:00","date_gmt":"2023-02-01T18:09:00","guid":{"rendered":"http:\/\/www.periodistasporlaigualdad.org\/?p=2495"},"modified":"2024-07-30T08:14:10","modified_gmt":"2024-07-30T08:14:10","slug":"intervencion-de-carmen-serrano-sobre-los-casos-lewinsky-y-nevenka","status":"publish","type":"post","link":"http:\/\/www.periodistasporlaigualdad.org\/?p=2495","title":{"rendered":"INTERVENCI\u00d3N DE CARMEN SERRANO SOBRE LOS CASOS LEWINSKY Y NEVENKA"},"content":{"rendered":"\n<h2>Los casos de <strong>Monica<\/strong> Lewinsky y<strong> <\/strong>Nevenka<strong> Fern\u00e1ndez<\/strong> han vuelto a ser noticia al cumplirse 25  y 22 a\u00f1os, respectivamente, de su aparici\u00f3n. <\/h2>\n\n\n\n<p><a rel=\"noreferrer noopener\" href=\"https:\/\/twitter.com\/CarmenSerrana\" target=\"_blank\">Carmen Serrano<\/a>, presidenta de la<a rel=\"noreferrer noopener\" href=\"https:\/\/twitter.com\/apfeministas\" target=\"_blank\"> Asoc. Periodistas por la Igualdad<\/a>,  intervino el pasado 23\/01\/2023 en el programa <strong><a rel=\"noreferrer noopener\" href=\"http:\/\/www.aragontelevision.es\/informativos\/noticias\/\" target=\"_blank\">Buenos d\u00edas Arag\u00f3n, de Arag\u00f3n TV<\/a><\/strong> para hablar, junto con Luis Humberto Men\u00e9ndez y Dalia Molin\u00e9 sobre estos dos casos de mujeres que fueron linchadas por la sociedad machista de la \u00e9poca, Monica Lewinsky y Nevenka Fern\u00e1ndez. Monica Lewinsky fue humillada y pisoteada por los medios de comunicaci\u00f3n fuera de todo l\u00edmite, a pesar de que las relaciones sentimentales que mantuvo fueron cosa de dos. Pero a ella se le ultraj\u00f3 hasta el infinito y a Clinton le dejaron marcharse tranquilamente a su casa para que se las viera \u00fanicamente con su se\u00f1ora (Hillary). Pero tras 25 a\u00f1os de este suceso <a rel=\"noreferrer noopener\" href=\"https:\/\/www.harpersbazaar.com\/es\/cultura\/ocio\/a37497204\/monica-lewinsky-polemica-historia-real-sexo-casa-blanca-serie\/\" target=\"_blank\">a\u00fan hay que seguir hablando de ella<\/a> y de todo lo que encierra la lapidaci\u00f3n p\u00fablica (exclusivamente a mujeres). Mientras que<strong> <\/strong><a rel=\"noreferrer noopener\" href=\"https:\/\/www.esquire.com\/es\/actualidad\/tv\/a35793212\/nevenka-netflix-alcalde-ismael-alvarez\/\" target=\"_blank\"><strong>Nevenka Fern\u00e1ndez<\/strong> <\/a>fue la primera mujer que denunci\u00f3 ante un tribunal el acoso sexual al que le somet\u00eda el alcalde de su ciudad, en donde ella era una joven concejala. El precio que tuvo que pagar fue salir de Espa\u00f1a porque nadie la crey\u00f3, salvo el Tribunal, afortunadamente. <\/p>\n\n\n\n<figure class=\"wp-block-embed is-type-video is-provider-youtube wp-block-embed-youtube wp-embed-aspect-16-9 wp-has-aspect-ratio\"><div class=\"wp-block-embed__wrapper\">\n<iframe loading=\"lazy\" title=\"Carmen Serrano habla sobre los casos de Lewinsky y Nevenka\" width=\"680\" height=\"383\" src=\"https:\/\/www.youtube.com\/embed\/3Q0dtDYw0fo?feature=oembed\" frameborder=\"0\" allow=\"accelerometer; autoplay; clipboard-write; encrypted-media; gyroscope; picture-in-picture; web-share\" allowfullscreen><\/iframe>\n<\/div><\/figure>\n","protected":false},"excerpt":{"rendered":"<p>Los casos de Monica Lewinsky y Nevenka Fern\u00e1ndez han vuelto a ser noticia al cumplirse 25 y 22 a\u00f1os, respectivamente, de su aparici\u00f3n. Carmen Serrano, presidenta de la Asoc. Periodistas por la Igualdad, intervino el pasado 23\/01\/2023 en el programa Buenos d\u00edas Arag\u00f3n, de Arag\u00f3n TV para hablar, junto con Luis Humberto Men\u00e9ndez y Dalia Molin\u00e9 sobre estos dos casos de mujeres que fueron linchadas por la sociedad machista de la \u00e9poca, Monica Lewinsky y Nevenka Fern\u00e1ndez. Monica Lewinsky fue humillada y pisoteada por los medios de comunicaci\u00f3n fuera de todo l\u00edmite, a pesar de que las relaciones sentimentales que mantuvo fueron cosa de dos. Pero a ella se le ultraj\u00f3 hasta el infinito y a Clinton le dejaron marcharse tranquilamente a su casa para que se las viera \u00fanicamente con su se\u00f1ora (Hillary). Pero tras 25 a\u00f1os de este suceso a\u00fan hay que seguir hablando de ella y de todo lo que encierra la lapidaci\u00f3n p\u00fablica (exclusivamente a mujeres). Mientras que Nevenka Fern\u00e1ndez fue la primera mujer que denunci\u00f3 ante un tribunal el acoso sexual al que le somet\u00eda el alcalde de su ciudad, en donde ella era una joven concejala. El precio que tuvo que pagar fue salir de Espa\u00f1a porque nadie la crey\u00f3, salvo el Tribunal, afortunadamente.<\/p>\n","protected":false},"author":1,"featured_media":2519,"comment_status":"open","ping_status":"open","sticky":false,"template":"","format":"standard","meta":[],"categories":[492,514,515,150],"tags":[141,516,517],"_links":{"self":[{"href":"http:\/\/www.periodistasporlaigualdad.org\/index.php?rest_route=\/wp\/v2\/posts\/2495"}],"collection":[{"href":"http:\/\/www.periodistasporlaigualdad.org\/index.php?rest_route=\/wp\/v2\/posts"}],"about":[{"href":"http:\/\/www.periodistasporlaigualdad.org\/index.php?rest_route=\/wp\/v2\/types\/post"}],"author":[{"embeddable":true,"href":"http:\/\/www.periodistasporlaigualdad.org\/index.php?rest_route=\/wp\/v2\/users\/1"}],"replies":[{"embeddable":true,"href":"http:\/\/www.periodistasporlaigualdad.org\/index.php?rest_route=%2Fwp%2Fv2%2Fcomments&post=2495"}],"version-history":[{"count":3,"href":"http:\/\/www.periodistasporlaigualdad.org\/index.php?rest_route=\/wp\/v2\/posts\/2495\/revisions"}],"predecessor-version":[{"id":2522,"href":"http:\/\/www.periodistasporlaigualdad.org\/index.php?rest_route=\/wp\/v2\/posts\/2495\/revisions\/2522"}],"wp:featuredmedia":[{"embeddable":true,"href":"http:\/\/www.periodistasporlaigualdad.org\/index.php?rest_route=\/wp\/v2\/media\/2519"}],"wp:attachment":[{"href":"http:\/\/www.periodistasporlaigualdad.org\/index.php?rest_route=%2Fwp%2Fv2%2Fmedia&parent=2495"}],"wp:term":[{"taxonomy":"category","embeddable":true,"href":"http:\/\/www.periodistasporlaigualdad.org\/index.php?rest_route=%2Fwp%2Fv2%2Fcategories&post=2495"},{"taxonomy":"post_tag","embeddable":true,"href":"http:\/\/www.periodistasporlaigualdad.org\/index.php?rest_route=%2Fwp%2Fv2%2Ftags&post=2495"}],"curies":[{"name":"wp","href":"https:\/\/api.w.org\/{rel}","templated":true}]}}