{"id":2603,"date":"2023-05-03T19:06:00","date_gmt":"2023-05-03T19:06:00","guid":{"rendered":"http:\/\/www.periodistasporlaigualdad.org\/?p=2603"},"modified":"2024-07-30T08:31:38","modified_gmt":"2024-07-30T08:31:38","slug":"maria-bosque-galardonada-por-la-asociacion-y-colegio-de-periodistas-de-aragon","status":"publish","type":"post","link":"http:\/\/www.periodistasporlaigualdad.org\/?p=2603","title":{"rendered":"Mar\u00eda Bosque galardonada por la Asociaci\u00f3n y Colegio de Periodistas de Arag\u00f3n"},"content":{"rendered":"\n<p>Nuestra asociada <strong><a rel=\"noreferrer noopener\" href=\"http:\/\/www.periodistasporlaigualdad.org\/maria-bosque\/\" data-type=\"URL\" data-id=\"http:\/\/www.periodistasporlaigualdad.org\/maria-bosque\/\" target=\"_blank\">Mar\u00eda Bosque<\/a><\/strong> ha sido tambi\u00e9n una de las  galardonadas con el <strong>Sello de Calidad Comunicativa<\/strong> otorgado por el Colegio y Asociaci\u00f3n de Periodistas de Arag\u00f3n. Su empresa MBSComunicaci\u00f3n ha sido una de las 25 empresas, <strong>profesionales y administraciones p\u00fablicas<\/strong> a las que se les ha reconocido al trabajo que realizan. Como afirma el <a rel=\"noreferrer noopener\" href=\"https:\/\/periodistasdearagon.org\/2023\/05\/19\/reconocidos-25-entidades-y-profesionales-con-el-sello-de-calidad-comunicativa\/\" data-type=\"URL\" data-id=\"https:\/\/periodistasdearagon.org\/2023\/05\/19\/reconocidos-25-entidades-y-profesionales-con-el-sello-de-calidad-comunicativa\/\" target=\"_blank\">colegio de Periodistas de Arag\u00f3n<\/a><\/p>\n\n\n\n<p> &#8220;los Sellos de Calidad Comunicativa, impulsados por el Colegio de Periodistas a principios de abril de 2022, nacieron con el objetivo de incentivar y reconocer la labor de todas aquellas entidades aragonesas que gestionen su comunicaci\u00f3n a trav\u00e9s de profesionales del sector y con procedimientos transparentes que garanticen la libre concurrencia&#8221;.<\/p>\n\n\n\n<p>Estos galardones han tendio lugar en la fiesta en la que Fabi\u00e1n Sim\u00f3n ha ganado el premio <strong>Periodistas de Arag\u00f3n-Ciudad de Zaragoza 2022<\/strong>, dotado con 4.000 euros<strong> por su fotorreportaje sobre la lucha de los vecinos de Alcal\u00e1 de Moncayo en 2022 ante el incendio que amenazaba la localidad<\/strong> y que fueron publicadas por numerosos medios nacionales e internacionales. En esta edici\u00f3n la<strong>&nbsp;Asociaci\u00f3n y el Colegio Profesional de Periodistas de Arag\u00f3n<\/strong>&nbsp;tambien ha reconocido la labor de otra compa\u00f1era, <strong>Silvia de F\u00e9lix <\/strong>como mejor profesional en el extranjero, as\u00ed como Diego Ibarra, Jos\u00e9 Luis Campos, Mariano Garc\u00eda y Lola Esther. La entrega de premios tuvo lugar a prop\u00f3sito del&nbsp;<strong>D\u00eda Internacional de la Libertad de Prensa<\/strong>, el&nbsp;<strong>3 de mayo, con la tradicional&nbsp;gala de entrega de sus premios<\/strong>, en el&nbsp;<strong>edificio Caja Rural de Arag\u00f3n<\/strong>, en la capital aragonesa. Un evento que reuni\u00f3&nbsp;a los&nbsp;<strong>profesionales de la comunicaci\u00f3n y distintas autoridades<\/strong>&nbsp;en un&nbsp;<strong>acto con el lema \u2018Periodismo inteligente\u2019&nbsp;<\/strong>y dedicado a&nbsp;<strong>reivindicar el valor del periodismo, homenajear a compa\u00f1eros destacados y celebrar la profesi\u00f3n<\/strong>.<\/p>\n\n\n<div class=\"wp-block-image\">\n<figure class=\"alignright size-large is-resized\"><img decoding=\"async\" loading=\"lazy\" src=\"http:\/\/www.periodistasporlaigualdad.org\/wp-content\/uploads\/2023\/05\/maria-bosque-recoge-galardon-1024x576.jpg\" alt=\"\" class=\"wp-image-2604\" width=\"414\" height=\"232\" srcset=\"http:\/\/www.periodistasporlaigualdad.org\/wp-content\/uploads\/2023\/05\/maria-bosque-recoge-galardon-1024x576.jpg 1024w, http:\/\/www.periodistasporlaigualdad.org\/wp-content\/uploads\/2023\/05\/maria-bosque-recoge-galardon-300x169.jpg 300w, http:\/\/www.periodistasporlaigualdad.org\/wp-content\/uploads\/2023\/05\/maria-bosque-recoge-galardon-768x432.jpg 768w, http:\/\/www.periodistasporlaigualdad.org\/wp-content\/uploads\/2023\/05\/maria-bosque-recoge-galardon-1536x864.jpg 1536w, http:\/\/www.periodistasporlaigualdad.org\/wp-content\/uploads\/2023\/05\/maria-bosque-recoge-galardon-958x539.jpg 958w, http:\/\/www.periodistasporlaigualdad.org\/wp-content\/uploads\/2023\/05\/maria-bosque-recoge-galardon-600x338.jpg 600w, http:\/\/www.periodistasporlaigualdad.org\/wp-content\/uploads\/2023\/05\/maria-bosque-recoge-galardon.jpg 2048w\" sizes=\"(max-width: 414px) 100vw, 414px\" \/><\/figure><\/div>","protected":false},"excerpt":{"rendered":"<p>Nuestra asociada Mar\u00eda Bosque ha sido tambi\u00e9n una de las galardonadas con el Sello de Calidad Comunicativa otorgado por el Colegio y Asociaci\u00f3n de Periodistas de Arag\u00f3n. Su empresa MBSComunicaci\u00f3n ha sido una de las 25 empresas, profesionales y administraciones p\u00fablicas a las que se les ha reconocido al trabajo que realizan. Como afirma el colegio de Periodistas de Arag\u00f3n &#8220;los Sellos de Calidad Comunicativa, impulsados por el Colegio de Periodistas a principios de abril de 2022, nacieron con el objetivo de incentivar y reconocer la labor de todas aquellas entidades aragonesas que gestionen su comunicaci\u00f3n a trav\u00e9s de profesionales del sector y con procedimientos transparentes que garanticen la libre concurrencia&#8221;. Estos galardones han tendio lugar en la fiesta en la que Fabi\u00e1n Sim\u00f3n ha ganado el premio Periodistas de Arag\u00f3n-Ciudad de Zaragoza 2022, dotado con 4.000 euros por su fotorreportaje sobre la lucha de los vecinos de Alcal\u00e1 de Moncayo en 2022 ante el incendio que amenazaba la localidad y que fueron publicadas por numerosos medios nacionales e internacionales. En esta edici\u00f3n la&nbsp;Asociaci\u00f3n y el Colegio Profesional de Periodistas de Arag\u00f3n&nbsp;tambien ha reconocido la labor de otra compa\u00f1era, Silvia de F\u00e9lix como mejor profesional en el extranjero, as\u00ed como Diego Ibarra, Jos\u00e9 Luis Campos, Mariano Garc\u00eda y Lola Esther. La entrega de premios tuvo lugar a prop\u00f3sito del&nbsp;D\u00eda Internacional de la Libertad de Prensa, el&nbsp;3 de mayo, con la tradicional&nbsp;gala de entrega de sus premios, en el&nbsp;edificio Caja Rural de Arag\u00f3n, en la capital aragonesa. Un evento que reuni\u00f3&nbsp;a los&nbsp;profesionales de la comunicaci\u00f3n y distintas autoridades&nbsp;en un&nbsp;acto con el lema \u2018Periodismo inteligente\u2019&nbsp;y dedicado a&nbsp;reivindicar el valor del periodismo, homenajear a compa\u00f1eros destacados y celebrar la profesi\u00f3n.<\/p>\n","protected":false},"author":1,"featured_media":2604,"comment_status":"open","ping_status":"open","sticky":false,"template":"","format":"standard","meta":[],"categories":[495,150],"tags":[546],"_links":{"self":[{"href":"http:\/\/www.periodistasporlaigualdad.org\/index.php?rest_route=\/wp\/v2\/posts\/2603"}],"collection":[{"href":"http:\/\/www.periodistasporlaigualdad.org\/index.php?rest_route=\/wp\/v2\/posts"}],"about":[{"href":"http:\/\/www.periodistasporlaigualdad.org\/index.php?rest_route=\/wp\/v2\/types\/post"}],"author":[{"embeddable":true,"href":"http:\/\/www.periodistasporlaigualdad.org\/index.php?rest_route=\/wp\/v2\/users\/1"}],"replies":[{"embeddable":true,"href":"http:\/\/www.periodistasporlaigualdad.org\/index.php?rest_route=%2Fwp%2Fv2%2Fcomments&post=2603"}],"version-history":[{"count":4,"href":"http:\/\/www.periodistasporlaigualdad.org\/index.php?rest_route=\/wp\/v2\/posts\/2603\/revisions"}],"predecessor-version":[{"id":2816,"href":"http:\/\/www.periodistasporlaigualdad.org\/index.php?rest_route=\/wp\/v2\/posts\/2603\/revisions\/2816"}],"wp:featuredmedia":[{"embeddable":true,"href":"http:\/\/www.periodistasporlaigualdad.org\/index.php?rest_route=\/wp\/v2\/media\/2604"}],"wp:attachment":[{"href":"http:\/\/www.periodistasporlaigualdad.org\/index.php?rest_route=%2Fwp%2Fv2%2Fmedia&parent=2603"}],"wp:term":[{"taxonomy":"category","embeddable":true,"href":"http:\/\/www.periodistasporlaigualdad.org\/index.php?rest_route=%2Fwp%2Fv2%2Fcategories&post=2603"},{"taxonomy":"post_tag","embeddable":true,"href":"http:\/\/www.periodistasporlaigualdad.org\/index.php?rest_route=%2Fwp%2Fv2%2Ftags&post=2603"}],"curies":[{"name":"wp","href":"https:\/\/api.w.org\/{rel}","templated":true}]}}