{"id":2642,"date":"2023-07-13T01:49:55","date_gmt":"2023-07-13T01:49:55","guid":{"rendered":"http:\/\/www.periodistasporlaigualdad.org\/?p=2642"},"modified":"2024-07-30T08:03:37","modified_gmt":"2024-07-30T08:03:37","slug":"articulo-de-inteligencia-artificial-prueba","status":"publish","type":"post","link":"http:\/\/www.periodistasporlaigualdad.org\/?p=2642","title":{"rendered":"&#8220;La  Inteligencia Artificial necesita perfiles de humanidades&#8221;, afirma Cristina Aranda"},"content":{"rendered":"<p>Inauguramos con este post nueva secci\u00f3n dedicada a la <a href=\"https:\/\/es.wikipedia.org\/wiki\/Inteligencia_artificial\">Inteligencia Artificial (IA)<\/a>, definida como el p<\/p>\n<p><iframe loading=\"lazy\" title=\"\u201cLa inteligencia artificial necesita perfiles de humanidades\u201d. Cristina Aranda, fil\u00f3loga experta IA\" width=\"680\" height=\"383\" src=\"https:\/\/www.youtube.com\/embed\/AJ_uI9myi18?feature=oembed\" frameborder=\"0\" allow=\"accelerometer; autoplay; clipboard-write; encrypted-media; gyroscope; picture-in-picture; web-share\" referrerpolicy=\"strict-origin-when-cross-origin\" allowfullscreen><\/iframe><\/p>\n<p>rograma de computaci\u00f3n dise\u00f1ado para realizar determinadas operaciones que se consideran propias de la inteligencia humana. Y os dejamos con la charla que ofreci\u00f3 <a href=\"https:\/\/thinkingheads.com\/conferenciantes\/cristina-aranda\/\">Cristina Aranda<\/a>, fil\u00f3loga oscense experta en este campo, en el espacio aprendemos juntos de BBVA.<\/p>\n","protected":false},"excerpt":{"rendered":"<p>Inauguramos con este post nueva secci\u00f3n dedicada a la Inteligencia Artificial (IA), definida como el p rograma de computaci\u00f3n dise\u00f1ado para realizar determinadas operaciones que se consideran propias de la inteligencia humana. Y os dejamos con la charla que ofreci\u00f3 Cristina Aranda, fil\u00f3loga oscense experta en este campo, en el espacio aprendemos juntos de BBVA.<\/p>\n","protected":false},"author":1,"featured_media":0,"comment_status":"open","ping_status":"open","sticky":false,"template":"","format":"video","meta":[],"categories":[552,150],"tags":[551,548,550],"_links":{"self":[{"href":"http:\/\/www.periodistasporlaigualdad.org\/index.php?rest_route=\/wp\/v2\/posts\/2642"}],"collection":[{"href":"http:\/\/www.periodistasporlaigualdad.org\/index.php?rest_route=\/wp\/v2\/posts"}],"about":[{"href":"http:\/\/www.periodistasporlaigualdad.org\/index.php?rest_route=\/wp\/v2\/types\/post"}],"author":[{"embeddable":true,"href":"http:\/\/www.periodistasporlaigualdad.org\/index.php?rest_route=\/wp\/v2\/users\/1"}],"replies":[{"embeddable":true,"href":"http:\/\/www.periodistasporlaigualdad.org\/index.php?rest_route=%2Fwp%2Fv2%2Fcomments&post=2642"}],"version-history":[{"count":3,"href":"http:\/\/www.periodistasporlaigualdad.org\/index.php?rest_route=\/wp\/v2\/posts\/2642\/revisions"}],"predecessor-version":[{"id":2654,"href":"http:\/\/www.periodistasporlaigualdad.org\/index.php?rest_route=\/wp\/v2\/posts\/2642\/revisions\/2654"}],"wp:attachment":[{"href":"http:\/\/www.periodistasporlaigualdad.org\/index.php?rest_route=%2Fwp%2Fv2%2Fmedia&parent=2642"}],"wp:term":[{"taxonomy":"category","embeddable":true,"href":"http:\/\/www.periodistasporlaigualdad.org\/index.php?rest_route=%2Fwp%2Fv2%2Fcategories&post=2642"},{"taxonomy":"post_tag","embeddable":true,"href":"http:\/\/www.periodistasporlaigualdad.org\/index.php?rest_route=%2Fwp%2Fv2%2Ftags&post=2642"}],"curies":[{"name":"wp","href":"https:\/\/api.w.org\/{rel}","templated":true}]}}