{"id":2661,"date":"2023-07-04T05:21:03","date_gmt":"2023-07-04T05:21:03","guid":{"rendered":"http:\/\/www.periodistasporlaigualdad.org\/?p=2661"},"modified":"2023-07-23T05:30:25","modified_gmt":"2023-07-23T05:30:25","slug":"santiago-martin-minguez","status":"publish","type":"post","link":"http:\/\/www.periodistasporlaigualdad.org\/?p=2661","title":{"rendered":"SANTIAGO MART\u00cdN M\u00cdNGUEZ"},"content":{"rendered":"\n<div class=\"wp-block-cover alignleft is-light has-custom-content-position is-position-top-center\" style=\"min-height:453px\"><span aria-hidden=\"true\" class=\"wp-block-cover__background has-background-dim\"><\/span><img decoding=\"async\" loading=\"lazy\" width=\"893\" height=\"1000\" class=\"wp-block-cover__image-background wp-image-2622\" alt=\"\" src=\"http:\/\/www.periodistasporlaigualdad.org\/wp-content\/uploads\/2023\/07\/SANTIAGO-MARTIN.jpg\" data-object-fit=\"cover\" srcset=\"http:\/\/www.periodistasporlaigualdad.org\/wp-content\/uploads\/2023\/07\/SANTIAGO-MARTIN.jpg 893w, http:\/\/www.periodistasporlaigualdad.org\/wp-content\/uploads\/2023\/07\/SANTIAGO-MARTIN-268x300.jpg 268w, http:\/\/www.periodistasporlaigualdad.org\/wp-content\/uploads\/2023\/07\/SANTIAGO-MARTIN-768x860.jpg 768w, http:\/\/www.periodistasporlaigualdad.org\/wp-content\/uploads\/2023\/07\/SANTIAGO-MARTIN-600x672.jpg 600w\" sizes=\"(max-width: 893px) 100vw, 893px\" \/><div class=\"wp-block-cover__inner-container\">\n<p class=\"has-text-align-center has-large-font-size\"><\/p>\n<\/div><\/div>\n\n\n\n<p class=\"has-text-align-left\">Santiago Mart\u00edn M\u00ednguez es licenciado en Periodismo por la Universidad Complutense. Dirige desde 2004 la agencia de noticias y comunicaci\u00f3n <a href=\"http:\/\/www.redesenlanube.com\/\" target=\"_blank\" rel=\"noreferrer noopener\">Maaszoom<\/a>. Inici\u00f3 su trayectoria profesional en 1989 en Heraldo de Arag\u00f3n; en 1998 se incorpor\u00f3 a la televisi\u00f3n Antena Arag\u00f3n como director de los servicios informativos. Fund\u00f3 en el a\u00f1o 2000, junto a otros profesionales, la empresa Arag\u00f3n Digital y la agencia de noticias Arag\u00f3n Press, codirigiendo ambas hasta el a\u00f1o 2004, cuando junto a la tambi\u00e9n periodista <strong><a href=\"http:\/\/mariapilarclau.com\/\" target=\"_blank\" rel=\"noreferrer noopener\">Mar\u00eda Pilar Clau<\/a><\/strong> cre\u00f3 Maaszoom. Ha sido ponente en diversos congresos y ha participado en publicaciones como \u201cLa comunicaci\u00f3n digital en Arag\u00f3n. Antecedentes, estado actual y tendencias&#8221;. Desde 2011 y hasta 2016 fue profesor asociado en el Grado de Periodismo de la <strong><a href=\"https:\/\/fyl.unizar.es\/grado\/grado-en-periodismo\" target=\"_blank\" rel=\"noreferrer noopener\">Universidad de Zaragoza<\/a><\/strong> y miembro del Grupo de Investigaci\u00f3n en Comunicaci\u00f3n e Informaci\u00f3n Digital (<strong><a href=\"http:\/\/gicid.unizar.es\/\" target=\"_blank\" rel=\"noreferrer noopener\">GICID<\/a><\/strong>).<\/p>\n","protected":false},"excerpt":{"rendered":"<p>Santiago Mart\u00edn M\u00ednguez es licenciado en Periodismo por la Universidad Complutense. Dirige desde 2004 la agencia de noticias y comunicaci\u00f3n Maaszoom. Inici\u00f3 su trayectoria profesional en 1989 en Heraldo de Arag\u00f3n; en 1998 se incorpor\u00f3 a la televisi\u00f3n Antena Arag\u00f3n como director de los servicios informativos. Fund\u00f3 en el a\u00f1o 2000, junto a otros profesionales, la empresa Arag\u00f3n Digital y la agencia de noticias Arag\u00f3n Press, codirigiendo ambas hasta el a\u00f1o 2004, cuando junto a la tambi\u00e9n periodista Mar\u00eda Pilar Clau cre\u00f3 Maaszoom. Ha sido ponente en diversos congresos y ha participado en publicaciones como \u201cLa comunicaci\u00f3n digital en Arag\u00f3n. Antecedentes, estado actual y tendencias&#8221;. Desde 2011 y hasta 2016 fue profesor asociado en el Grado de Periodismo de la Universidad de Zaragoza y miembro del Grupo de Investigaci\u00f3n en Comunicaci\u00f3n e Informaci\u00f3n Digital (GICID).<\/p>\n","protected":false},"author":1,"featured_media":2622,"comment_status":"open","ping_status":"open","sticky":false,"template":"","format":"standard","meta":[],"categories":[558],"tags":[561,559,560],"_links":{"self":[{"href":"http:\/\/www.periodistasporlaigualdad.org\/index.php?rest_route=\/wp\/v2\/posts\/2661"}],"collection":[{"href":"http:\/\/www.periodistasporlaigualdad.org\/index.php?rest_route=\/wp\/v2\/posts"}],"about":[{"href":"http:\/\/www.periodistasporlaigualdad.org\/index.php?rest_route=\/wp\/v2\/types\/post"}],"author":[{"embeddable":true,"href":"http:\/\/www.periodistasporlaigualdad.org\/index.php?rest_route=\/wp\/v2\/users\/1"}],"replies":[{"embeddable":true,"href":"http:\/\/www.periodistasporlaigualdad.org\/index.php?rest_route=%2Fwp%2Fv2%2Fcomments&post=2661"}],"version-history":[{"count":2,"href":"http:\/\/www.periodistasporlaigualdad.org\/index.php?rest_route=\/wp\/v2\/posts\/2661\/revisions"}],"predecessor-version":[{"id":2665,"href":"http:\/\/www.periodistasporlaigualdad.org\/index.php?rest_route=\/wp\/v2\/posts\/2661\/revisions\/2665"}],"wp:featuredmedia":[{"embeddable":true,"href":"http:\/\/www.periodistasporlaigualdad.org\/index.php?rest_route=\/wp\/v2\/media\/2622"}],"wp:attachment":[{"href":"http:\/\/www.periodistasporlaigualdad.org\/index.php?rest_route=%2Fwp%2Fv2%2Fmedia&parent=2661"}],"wp:term":[{"taxonomy":"category","embeddable":true,"href":"http:\/\/www.periodistasporlaigualdad.org\/index.php?rest_route=%2Fwp%2Fv2%2Fcategories&post=2661"},{"taxonomy":"post_tag","embeddable":true,"href":"http:\/\/www.periodistasporlaigualdad.org\/index.php?rest_route=%2Fwp%2Fv2%2Ftags&post=2661"}],"curies":[{"name":"wp","href":"https:\/\/api.w.org\/{rel}","templated":true}]}}