{"id":2700,"date":"2023-09-03T23:51:01","date_gmt":"2023-09-03T23:51:01","guid":{"rendered":"http:\/\/www.periodistasporlaigualdad.org\/?p=2700"},"modified":"2023-09-03T23:52:10","modified_gmt":"2023-09-03T23:52:10","slug":"estrenamos-temporada-con-libros-de-labari-y-requena","status":"publish","type":"post","link":"http:\/\/www.periodistasporlaigualdad.org\/?p=2700","title":{"rendered":"ESTRENAMOS TEMPORADA CON LIBROS DE LABARI Y REQUENA"},"content":{"rendered":"<p><strong><a href=\"http:\/\/www.periodistasporlaigualdad.org\/2023\/09\/03\/estrenamos-temporada-con-libros-de-labari-y-requena\/nuria-labari\/\" rel=\"attachment wp-att-2701\"><img decoding=\"async\" loading=\"lazy\" class=\"alignleft wp-image-2701 size-medium\" src=\"http:\/\/www.periodistasporlaigualdad.org\/wp-content\/uploads\/2023\/09\/nuria-labari-169x300.jpg\" alt=\"\" width=\"169\" height=\"300\" srcset=\"http:\/\/www.periodistasporlaigualdad.org\/wp-content\/uploads\/2023\/09\/nuria-labari-169x300.jpg 169w, http:\/\/www.periodistasporlaigualdad.org\/wp-content\/uploads\/2023\/09\/nuria-labari-576x1024.jpg 576w, http:\/\/www.periodistasporlaigualdad.org\/wp-content\/uploads\/2023\/09\/nuria-labari-768x1365.jpg 768w, http:\/\/www.periodistasporlaigualdad.org\/wp-content\/uploads\/2023\/09\/nuria-labari-864x1536.jpg 864w, http:\/\/www.periodistasporlaigualdad.org\/wp-content\/uploads\/2023\/09\/nuria-labari-958x1703.jpg 958w, http:\/\/www.periodistasporlaigualdad.org\/wp-content\/uploads\/2023\/09\/nuria-labari-600x1067.jpg 600w, http:\/\/www.periodistasporlaigualdad.org\/wp-content\/uploads\/2023\/09\/nuria-labari.jpg 1152w\" sizes=\"(max-width: 169px) 100vw, 169px\" \/><\/a>&#8216;El \u00faltimo hombre blanco&#8217; e &#8216;Intensas&#8217; son las obras de las periodistas que centrar\u00e1n, respectivamente, los actos de septiembre, el d\u00eda 14 en el Ateneo de Madrid y el 15 en el <a href=\"https:\/\/es.wikipedia.org\/wiki\/C%C3%ADrculo_Oscense\">Casino de Huesca<\/a>.<\/strong><\/p>\n<p><a href=\"https:\/\/es.wikipedia.org\/wiki\/Nuria_Labari\">Nuria Labari<\/a> nos espera el <strong>14 de septiembre en el Ateneo de Madrid<\/strong>. Su libro &#8216;<a href=\"https:\/\/www.casadellibro.com\/libro-el-ultimo-hombre-blanco\/9788439739630\/12804307\"><strong>El \u00faltimo hombre blanco<\/strong>&#8216;<\/a> protagoniza este verano el <a href=\"http:\/\/www.periodistasporlaigualdad.org\/2021\/11\/17\/periodistas-y-escritoras-club-de-lectura-y-cata\/\">Club de Lectura y Cata de nuestra Asociaci\u00f3<\/a>n. Las personas inscritas lo han recibido en sus domicilios junto a una botella de <a href=\"https:\/\/escocesvolante.com\/es\/producto\/manga-del-brujo-2018-750ml\/\">vino blanco Manga de Brujo<\/a> , de la exquisita bodega bilbilitana <a href=\"https:\/\/escocesvolante.com\/es\/conocenos\/\">El escoc\u00e9s volante<\/a>, y el 14 celebraremos el encuentro con la autora en el Ateneo de Madrid.<a href=\"http:\/\/www.periodistasporlaigualdad.org\/2023\/09\/03\/estrenamos-temporada-con-libros-de-labari-y-requena\/intensas\/\" rel=\"attachment wp-att-2702\"><img decoding=\"async\" loading=\"lazy\" width=\"204\" height=\"300\" class=\"alignright size-medium wp-image-2702\" src=\"http:\/\/www.periodistasporlaigualdad.org\/wp-content\/uploads\/2023\/09\/intensas-204x300.jpeg\" alt=\"\" srcset=\"http:\/\/www.periodistasporlaigualdad.org\/wp-content\/uploads\/2023\/09\/intensas-204x300.jpeg 204w, http:\/\/www.periodistasporlaigualdad.org\/wp-content\/uploads\/2023\/09\/intensas-696x1024.jpeg 696w, http:\/\/www.periodistasporlaigualdad.org\/wp-content\/uploads\/2023\/09\/intensas-768x1130.jpeg 768w, http:\/\/www.periodistasporlaigualdad.org\/wp-content\/uploads\/2023\/09\/intensas-1044x1536.jpeg 1044w, http:\/\/www.periodistasporlaigualdad.org\/wp-content\/uploads\/2023\/09\/intensas-958x1409.jpeg 958w, http:\/\/www.periodistasporlaigualdad.org\/wp-content\/uploads\/2023\/09\/intensas-600x883.jpeg 600w, http:\/\/www.periodistasporlaigualdad.org\/wp-content\/uploads\/2023\/09\/intensas.jpeg 1280w\" sizes=\"(max-width: 204px) 100vw, 204px\" \/><\/a><\/p>\n<p>Dice la <strong>editorial, Random House<\/strong>, que \u201cEl \u00faltimo hombre blanco&#8217; puede leerse como la cr\u00f3nica de una infiltrada en las costuras del mercado laboral o como el testimonio de un hombre poderoso y opaco que, por primera vez, toma la palabra dispuesto a decir la verdad. La prosa incisiva y l\u00facida de Labari sirve para contar la historia de una mujer que crey\u00f3 que necesitaba escalar una monta\u00f1a y de c\u00f3mo, una vez que consigui\u00f3 llegar a la cumbre, dese\u00f3 hacerla estallar\u201d.<\/p>\n<p>Con esta nueva sesi\u00f3n del <strong>Club de Lectura y Cata<\/strong>, con la que abrimos temporada, la Asociaci\u00f3n de Periodistas por la Igualdad pone el foco en un <strong>mercado laboral excesivamente masculinizado<\/strong> y en la urgencia de la igualdad, lo cual centrar\u00e1 la tertulia el d\u00eda 14. Su autora estar\u00e1 ah\u00ed, permitiendo al Club cumplir su objetivo de visibilizaci\u00f3n de la literatura hecha por periodistas. En este caso es Nuria Labari, directiva de Megamedia, una productora especializada en creaci\u00f3n de contenidos digitales, y autora de art\u00edculos de opini\u00f3n semanales en El Pa\u00eds.<\/p>\n<p><strong>Nos ponemos &#8216;intensas&#8217; a comienzo de curso<\/strong><\/p>\n<p>Es objetivo tambi\u00e9n de la Asociaci\u00f3n poner sobre la mesa temas de g\u00e9nero de actualidad, como e<strong>s el\u00a0 <\/strong><strong>malestar que provoca, en entornos masculinizados, la asertividad de las mujeres.<\/strong> Y empezamos el curso con fuerzas renovadas. Para hablar de ello, el viernes <strong>15 de septiembre,<\/strong> Periodistas por la Igualdad, junto al <a href=\"https:\/\/arainfo.org\/perfil\/colectivo-de-mujeres-feministas-de-huesca\/\">Colectivo Feminista de Huesca<\/a>, <a href=\"https:\/\/www.libreriaanonima.es\/\">Librer\u00eda An\u00f3nima<\/a> y en colaboraci\u00f3n con<a href=\"https:\/\/www.rocalibros.com\/roca-editorial\/\"><strong> Roca Editorial<\/strong><\/a> os convocamos a un conversatorio con la periodista y <strong>redactora jefa de G\u00e9nero de eldiario.es,<\/strong> Ana Requena Aguilar. La cita ser\u00e1 en el Sal\u00f3n Azul del <strong>Casino de Huesca<\/strong> a partir de las 18:30 horas.<\/p>\n<p>El magn\u00edfico hilo conductor de esta tertulia lo pone el libro que acaba de publicar Requena, <strong>&#8216;Intensas&#8217;, con Roca Editorial<\/strong>. Despu\u00e9s de &#8216;Feminismo vibrante&#8217;, donde Ana Requena analizaba con nosotras c\u00f3mo el patriarcado utiliza la sexualidad como arma de control, ahora la periodista ahonda con &#8216;Intensas&#8217; en el derecho de las mujeres a expresar sus emociones sin temor y a pedir lo que consideran justo en cualquier \u00e1mbito, con la pareja, con la familia, los amigos o en el trabajo.<\/p>\n<p>Requena propone fijarnos en qu\u00e9 pasa cuando, a pesar de no ser una palabra negativa, se nos interpela a las mujeres de esta manera. \u201cIntensa\u201d es el nuevo \u201chist\u00e9rica\u201d, dice, bajo el que se intentan aplacar los deseos de las mujeres y devolverlas a su rol amoroso y sumiso, sin enfados ni exigencias, hasta hacerlas creer que es mejor no pedir, ni sentir, ni querer tanto.<\/p>\n<p>\u00bfQu\u00e9 es ser intensa? y \u00bfen qu\u00e9 situaciones se suele calificar a las mujeres de esta forma? \u00bfSon tambi\u00e9n los hombres unos intensos? En un conversatorio conducido por nuestra socia <a href=\"https:\/\/www.linkedin.com\/in\/anarosamaza\/?originalSubdomain=es\">Ana Rosa Maza<\/a>, abordaremos estas y otras cuestiones en compa\u00f1\u00eda de la autora. En el acto habr\u00e1 venta de ejemplares, gracias a Librer\u00eda An\u00f3nima, y firma de ejemplares por la autora.<\/p>\n","protected":false},"excerpt":{"rendered":"<p>&#8216;El \u00faltimo hombre blanco&#8217; e &#8216;Intensas&#8217; son las obras de las periodistas que centrar\u00e1n, respectivamente, los actos de septiembre, el d\u00eda 14 en el Ateneo de Madrid y el 15 en el Casino de Huesca. Nuria Labari nos espera el 14 de septiembre en el Ateneo de Madrid. Su libro &#8216;El \u00faltimo hombre blanco&#8216; protagoniza este verano el Club de Lectura y Cata de nuestra Asociaci\u00f3n. Las personas inscritas lo han recibido en sus domicilios junto a una botella de vino blanco Manga de Brujo , de la exquisita bodega bilbilitana El escoc\u00e9s volante, y el 14 celebraremos el encuentro con la autora en el Ateneo de Madrid. Dice la editorial, Random House, que \u201cEl \u00faltimo hombre blanco&#8217; puede leerse como la cr\u00f3nica de una infiltrada en las costuras del mercado laboral o como el testimonio de un hombre poderoso y opaco que, por primera vez, toma la palabra dispuesto a decir la verdad. La prosa incisiva y l\u00facida de Labari sirve para contar la historia de una mujer que crey\u00f3 que necesitaba escalar una monta\u00f1a y de c\u00f3mo, una vez que consigui\u00f3 llegar a la cumbre, dese\u00f3 hacerla estallar\u201d. Con esta nueva sesi\u00f3n del Club de Lectura y Cata, con la que abrimos temporada, la Asociaci\u00f3n de Periodistas por la Igualdad pone el foco en un mercado laboral excesivamente masculinizado y en la urgencia de la igualdad, lo cual centrar\u00e1 la tertulia el d\u00eda 14. Su autora estar\u00e1 ah\u00ed, permitiendo al Club cumplir su objetivo de visibilizaci\u00f3n de la literatura hecha por periodistas. En este caso es Nuria Labari, directiva de Megamedia, una productora especializada en creaci\u00f3n de contenidos digitales, y autora de art\u00edculos de opini\u00f3n semanales en El Pa\u00eds. Nos ponemos &#8216;intensas&#8217; a comienzo de curso Es objetivo tambi\u00e9n de la Asociaci\u00f3n poner sobre la mesa temas de g\u00e9nero de actualidad, como es el\u00a0 malestar que provoca, en entornos masculinizados, la asertividad de las mujeres. Y empezamos el curso con fuerzas renovadas. Para hablar de ello, el viernes 15 de septiembre, Periodistas por la Igualdad, junto al Colectivo Feminista de Huesca, Librer\u00eda An\u00f3nima y en colaboraci\u00f3n con Roca Editorial os convocamos a un conversatorio con la periodista y redactora jefa de G\u00e9nero de eldiario.es, Ana Requena Aguilar. La cita ser\u00e1 en el Sal\u00f3n Azul del Casino de Huesca a partir de las 18:30 horas. El magn\u00edfico hilo conductor de esta tertulia lo pone el libro que acaba de publicar Requena, &#8216;Intensas&#8217;, con Roca Editorial. Despu\u00e9s de &#8216;Feminismo vibrante&#8217;, donde Ana Requena analizaba con nosotras c\u00f3mo el patriarcado utiliza la sexualidad como arma de control, ahora la periodista ahonda con &#8216;Intensas&#8217; en el derecho de las mujeres a expresar sus emociones sin temor y a pedir lo que consideran justo en cualquier \u00e1mbito, con la pareja, con la familia, los amigos o en el trabajo. Requena propone fijarnos en qu\u00e9 pasa cuando, a pesar de no ser una palabra negativa, se nos interpela a las mujeres de esta manera. \u201cIntensa\u201d es el nuevo \u201chist\u00e9rica\u201d, dice, bajo el que se intentan aplacar los deseos de las mujeres y devolverlas a su rol amoroso y sumiso, sin enfados ni exigencias, hasta [&hellip;]<\/p>\n","protected":false},"author":1,"featured_media":2703,"comment_status":"open","ping_status":"open","sticky":false,"template":"","format":"standard","meta":[],"categories":[456,458],"tags":[136,349,553],"_links":{"self":[{"href":"http:\/\/www.periodistasporlaigualdad.org\/index.php?rest_route=\/wp\/v2\/posts\/2700"}],"collection":[{"href":"http:\/\/www.periodistasporlaigualdad.org\/index.php?rest_route=\/wp\/v2\/posts"}],"about":[{"href":"http:\/\/www.periodistasporlaigualdad.org\/index.php?rest_route=\/wp\/v2\/types\/post"}],"author":[{"embeddable":true,"href":"http:\/\/www.periodistasporlaigualdad.org\/index.php?rest_route=\/wp\/v2\/users\/1"}],"replies":[{"embeddable":true,"href":"http:\/\/www.periodistasporlaigualdad.org\/index.php?rest_route=%2Fwp%2Fv2%2Fcomments&post=2700"}],"version-history":[{"count":3,"href":"http:\/\/www.periodistasporlaigualdad.org\/index.php?rest_route=\/wp\/v2\/posts\/2700\/revisions"}],"predecessor-version":[{"id":2707,"href":"http:\/\/www.periodistasporlaigualdad.org\/index.php?rest_route=\/wp\/v2\/posts\/2700\/revisions\/2707"}],"wp:featuredmedia":[{"embeddable":true,"href":"http:\/\/www.periodistasporlaigualdad.org\/index.php?rest_route=\/wp\/v2\/media\/2703"}],"wp:attachment":[{"href":"http:\/\/www.periodistasporlaigualdad.org\/index.php?rest_route=%2Fwp%2Fv2%2Fmedia&parent=2700"}],"wp:term":[{"taxonomy":"category","embeddable":true,"href":"http:\/\/www.periodistasporlaigualdad.org\/index.php?rest_route=%2Fwp%2Fv2%2Fcategories&post=2700"},{"taxonomy":"post_tag","embeddable":true,"href":"http:\/\/www.periodistasporlaigualdad.org\/index.php?rest_route=%2Fwp%2Fv2%2Ftags&post=2700"}],"curies":[{"name":"wp","href":"https:\/\/api.w.org\/{rel}","templated":true}]}}