{"id":2745,"date":"2024-05-10T10:39:42","date_gmt":"2024-05-10T10:39:42","guid":{"rendered":"http:\/\/www.periodistasporlaigualdad.org\/?p=2745"},"modified":"2024-07-30T08:27:30","modified_gmt":"2024-07-30T08:27:30","slug":"la-investigacion-de-la-rocio-ibarra-concluye-que-solo-el-09-de-las-noticias-emitidas-en-aragon-tratan-de-ciencia-o-tecnologia","status":"publish","type":"post","link":"http:\/\/www.periodistasporlaigualdad.org\/?p=2745","title":{"rendered":"La investigaci\u00f3n de Roc\u00edo Ibarra concluye que solo el 0,9% de las noticias emitidas en Arag\u00f3n tratan de ciencia o tecnolog\u00eda"},"content":{"rendered":"<p><a href=\"http:\/\/www.periodistasporlaigualdad.org\/?attachment_id=2751\" rel=\"attachment wp-att-2751\"><img decoding=\"async\" loading=\"lazy\" class=\"wp-image-2751 alignleft\" src=\"http:\/\/www.periodistasporlaigualdad.org\/wp-content\/uploads\/2024\/05\/Rocio-Ibarra.jpeg\" alt=\"\" width=\"443\" height=\"249\" srcset=\"http:\/\/www.periodistasporlaigualdad.org\/wp-content\/uploads\/2024\/05\/Rocio-Ibarra.jpeg 900w, http:\/\/www.periodistasporlaigualdad.org\/wp-content\/uploads\/2024\/05\/Rocio-Ibarra-300x169.jpeg 300w, http:\/\/www.periodistasporlaigualdad.org\/wp-content\/uploads\/2024\/05\/Rocio-Ibarra-768x432.jpeg 768w, http:\/\/www.periodistasporlaigualdad.org\/wp-content\/uploads\/2024\/05\/Rocio-Ibarra-600x337.jpeg 600w\" sizes=\"(max-width: 443px) 100vw, 443px\" \/><\/a>La tesis doctoral de <a href=\"http:\/\/www.periodistasporlaigualdad.org\/?page_id=923\">nuestra compa\u00f1era en Periodistas por la Igualdad, Roc\u00edo Ibarra Arias<\/a> ha analizado m\u00e1s de 200 informativos y categoriza casi 6.000 noticias emitidas en televisi\u00f3n para concluir que los medios de comunicaci\u00f3n deben comprometerse con la divulgaci\u00f3n de este tipo de noticias porque contribuye no s\u00f3lo al reconocimiento de la labor investigadora, sino tambi\u00e9n al enriquecimiento del conocimiento cient\u00edfico a nivel auton\u00f3mico, nacional e internacional.<\/p>\n<p>Roc\u00edo Ibarra que ha logrado el t\u00edtulo de <strong>Doctora en Informaci\u00f3n y Comunicaci\u00f3n por la Universidad de Barcelona y por la de Zaragoza<\/strong>, con la m\u00e1xima calificaci\u00f3n (Cum Laude), ha analizado m\u00e1s de 200 informativos de los que extrajo casi 6.000 noticias emitidas en televisi\u00f3n. El resultado al que ha llegado es que s\u00f3lo el 0,9% de las noticias tratan sobre temas cient\u00edfico-tecnol\u00f3gicos por lo que puede decirse que la informaci\u00f3n cient\u00edfica que aparece en los medios de comunicaci\u00f3n es poca y, adem\u00e1s, est\u00e1 muy mal posicionada para lograr una mayor divulgaci\u00f3n.<\/p>\n<p>Sin embargo, como afirma <strong>Roc\u00edo Ibarra,<\/strong> hay mucha ciencia por contar. En el caso de la<a href=\"http:\/\/www.unizar.es\"> Universidad de Zaragoza<\/a>,&nbsp; solo el 11% de la informaci\u00f3n que se produce es finalmente emitida por los informativos de mayor audiencia de Arag\u00f3n.<\/p>\n<p>Este estudio es pionero en su campo y en el que puede destacarse la gran importancia que tiene fomentar la cultura cient\u00edfica en la sociedad aragonesa. Adem\u00e1s, teniendo en cuenta que los medios aragoneses favorecen la difusi\u00f3n de la ciencia, Roc\u00edo Ibarra concluye que hay que comenzar por lo local para avanzar en lo global tal y como propugn\u00f3&nbsp; <a href=\"https:\/\/www.bbc.com\/mundo\/noticias-40681655\">Marshall Mc Luhan<\/a>.<\/p>\n<p>Esta es la noticia que public\u00f3 en <a href=\"https:\/\/www.heraldo.es\/noticias\/aragon\/2024\/05\/10\/television-pocas-noticias-emitidas-aragon-tratan-ciencia-tecnologia-tesis-universidad-zaragoza-1732492.html\">Tercer Milenio de Heraldo de Arag\u00f3n<\/a>.<\/p>\n","protected":false},"excerpt":{"rendered":"<p>La tesis doctoral de nuestra compa\u00f1era en Periodistas por la Igualdad, Roc\u00edo Ibarra Arias ha analizado m\u00e1s de 200 informativos y categoriza casi 6.000 noticias emitidas en televisi\u00f3n para concluir que los medios de comunicaci\u00f3n deben comprometerse con la divulgaci\u00f3n de este tipo de noticias porque contribuye no s\u00f3lo al reconocimiento de la labor investigadora, sino tambi\u00e9n al enriquecimiento del conocimiento cient\u00edfico a nivel auton\u00f3mico, nacional e internacional. Roc\u00edo Ibarra que ha logrado el t\u00edtulo de Doctora en Informaci\u00f3n y Comunicaci\u00f3n por la Universidad de Barcelona y por la de Zaragoza, con la m\u00e1xima calificaci\u00f3n (Cum Laude), ha analizado m\u00e1s de 200 informativos de los que extrajo casi 6.000 noticias emitidas en televisi\u00f3n. El resultado al que ha llegado es que s\u00f3lo el 0,9% de las noticias tratan sobre temas cient\u00edfico-tecnol\u00f3gicos por lo que puede decirse que la informaci\u00f3n cient\u00edfica que aparece en los medios de comunicaci\u00f3n es poca y, adem\u00e1s, est\u00e1 muy mal posicionada para lograr una mayor divulgaci\u00f3n. Sin embargo, como afirma Roc\u00edo Ibarra, hay mucha ciencia por contar. En el caso de la Universidad de Zaragoza,&nbsp; solo el 11% de la informaci\u00f3n que se produce es finalmente emitida por los informativos de mayor audiencia de Arag\u00f3n. Este estudio es pionero en su campo y en el que puede destacarse la gran importancia que tiene fomentar la cultura cient\u00edfica en la sociedad aragonesa. Adem\u00e1s, teniendo en cuenta que los medios aragoneses favorecen la difusi\u00f3n de la ciencia, Roc\u00edo Ibarra concluye que hay que comenzar por lo local para avanzar en lo global tal y como propugn\u00f3&nbsp; Marshall Mc Luhan. Esta es la noticia que public\u00f3 en Tercer Milenio de Heraldo de Arag\u00f3n.<\/p>\n","protected":false},"author":1,"featured_media":2748,"comment_status":"open","ping_status":"open","sticky":false,"template":"","format":"standard","meta":[],"categories":[150],"tags":[435,577,578,142,579],"_links":{"self":[{"href":"http:\/\/www.periodistasporlaigualdad.org\/index.php?rest_route=\/wp\/v2\/posts\/2745"}],"collection":[{"href":"http:\/\/www.periodistasporlaigualdad.org\/index.php?rest_route=\/wp\/v2\/posts"}],"about":[{"href":"http:\/\/www.periodistasporlaigualdad.org\/index.php?rest_route=\/wp\/v2\/types\/post"}],"author":[{"embeddable":true,"href":"http:\/\/www.periodistasporlaigualdad.org\/index.php?rest_route=\/wp\/v2\/users\/1"}],"replies":[{"embeddable":true,"href":"http:\/\/www.periodistasporlaigualdad.org\/index.php?rest_route=%2Fwp%2Fv2%2Fcomments&post=2745"}],"version-history":[{"count":6,"href":"http:\/\/www.periodistasporlaigualdad.org\/index.php?rest_route=\/wp\/v2\/posts\/2745\/revisions"}],"predecessor-version":[{"id":2822,"href":"http:\/\/www.periodistasporlaigualdad.org\/index.php?rest_route=\/wp\/v2\/posts\/2745\/revisions\/2822"}],"wp:featuredmedia":[{"embeddable":true,"href":"http:\/\/www.periodistasporlaigualdad.org\/index.php?rest_route=\/wp\/v2\/media\/2748"}],"wp:attachment":[{"href":"http:\/\/www.periodistasporlaigualdad.org\/index.php?rest_route=%2Fwp%2Fv2%2Fmedia&parent=2745"}],"wp:term":[{"taxonomy":"category","embeddable":true,"href":"http:\/\/www.periodistasporlaigualdad.org\/index.php?rest_route=%2Fwp%2Fv2%2Fcategories&post=2745"},{"taxonomy":"post_tag","embeddable":true,"href":"http:\/\/www.periodistasporlaigualdad.org\/index.php?rest_route=%2Fwp%2Fv2%2Ftags&post=2745"}],"curies":[{"name":"wp","href":"https:\/\/api.w.org\/{rel}","templated":true}]}}