{"id":2754,"date":"2024-05-15T11:52:15","date_gmt":"2024-05-15T11:52:15","guid":{"rendered":"http:\/\/www.periodistasporlaigualdad.org\/?p=2754"},"modified":"2024-07-29T14:26:39","modified_gmt":"2024-07-29T14:26:39","slug":"la-periodista-maria-bosque-senero-galardonada-con-el-primer-premio-de-periodismo-rural","status":"publish","type":"post","link":"http:\/\/www.periodistasporlaigualdad.org\/?p=2754","title":{"rendered":"La periodista Mar\u00eda Bosque Senero galardonada con el primer premio de Periodismo Rural"},"content":{"rendered":"<div id=\"attachment_2758\" style=\"width: 451px\" class=\"wp-caption alignleft\"><a href=\"http:\/\/www.periodistasporlaigualdad.org\/?attachment_id=2758\" rel=\"attachment wp-att-2758\"><img aria-describedby=\"caption-attachment-2758\" decoding=\"async\" loading=\"lazy\" class=\"wp-image-2758\" src=\"http:\/\/www.periodistasporlaigualdad.org\/wp-content\/uploads\/2024\/05\/Maria-Bosque-Senero-en-Aragon-TV.png\" alt=\"\" width=\"441\" height=\"220\" srcset=\"http:\/\/www.periodistasporlaigualdad.org\/wp-content\/uploads\/2024\/05\/Maria-Bosque-Senero-en-Aragon-TV.png 888w, http:\/\/www.periodistasporlaigualdad.org\/wp-content\/uploads\/2024\/05\/Maria-Bosque-Senero-en-Aragon-TV-300x150.png 300w, http:\/\/www.periodistasporlaigualdad.org\/wp-content\/uploads\/2024\/05\/Maria-Bosque-Senero-en-Aragon-TV-768x383.png 768w, http:\/\/www.periodistasporlaigualdad.org\/wp-content\/uploads\/2024\/05\/Maria-Bosque-Senero-en-Aragon-TV-600x299.png 600w\" sizes=\"(max-width: 441px) 100vw, 441px\" \/><\/a><p id=\"caption-attachment-2758\" class=\"wp-caption-text\">Captura de pantalla de Arag\u00f3n TV (14\/05\/2024)<\/p><\/div>\n<p>El jurado del <a href=\"https:\/\/reddeperiodistasrurales.com\/ganadores-del-i-premio-de-periodismo-rural\/\">I Premio de Periodismo Rural<\/a> impulsado por la <a href=\"https:\/\/reddeperiodistasrurales.com\/\">Red de Periodistas Rurales<\/a> ha determinado conceder a nuestra compa\u00f1era <a href=\"http:\/\/www.periodistasporlaigualdad.org\/?page_id=945\">Mar\u00eda Bosque Senero<\/a> el I premio por el reportaje publicado en Diario.es <em><a href=\"https:\/\/www.eldiario.es\/aragon\/entrecabritos-ganaderia-turolense-pide-auxilio-empezar-cero-campo-inviable_1_10350480.html\">Entrecabritos, una ganader\u00eda turolense que pide auxilio: \u201cSin apoyo institucional, no hay premio que valga\u201d<\/a><\/em><\/p>\n<p>Esta es la <a href=\"https:\/\/www.youtube.com\/watch?v=34BFmI0eX5U\">entrevista que le han realizado en Arag\u00f3n TV<\/a> a prop\u00f3sito de esta distinci\u00f3n.<\/p>\n<p>Para la concesi\u00f3n del premio se han tenido en cuenta aspectos como &#8220;la tem\u00e1tica del contenido, la innovaci\u00f3n de las iniciativas, su relevancia informativa, la visi\u00f3n positiva del desarrollo rural o el car\u00e1cter humano&#8221;. En este sentido, tras analizar a todas las personas participantes, el jurado ha querido se\u00f1alar que \u00abla calidad del periodismo rural cada d\u00eda es mayor\u00ab, por lo que ha sido muy dif\u00edcil elegir a entre las 40 candidaturas presentadas.<\/p>\n<p>El segundo premio ha reca\u00eddo en Ainhoa D\u00edez\u00a0 por su reportaje <a href=\"https:\/\/www.eldiario.es\/sociedad\/fuga-cerebros-espana-vaciada-madrid-absorbe-talento-joven-resto-comunidades_1_10735387.html\">\u2018Fuga de cerebros en la Espa\u00f1a vaciada: c\u00f3mo Madrid absorbe el talento joven del resto de comunidades\u2019<\/a><\/p>\n<p>Y se han ampliado a tres los premios para la categor\u00eda del tercer puesto:<br \/>\nJos\u00e9 Iv\u00e1n Su\u00e1rez y Elena Mart\u00ednez\u00a0 con \u2018Balazote, el pueblo que blind\u00f3 su futuro apostando por el ajo\u2019. Emma Zaf\u00f3n por\u00a0 \u2018Matarranya \u00cdntim, la militancia tozuda de un proyecto cultural que alcanza su d\u00e9cima edici\u00f3n\u2019 e Irene Barahona con \u2018El sue\u00f1o de regresar gracias al teletrabajo\u2019<\/p>\n<p>Seg\u00fan las bases del premio, son tres los ganadores que recibir\u00e1n un Curso de Comunicaci\u00f3n de Next Educaci\u00f3n y el Instituto de Comunicaci\u00f3n Empresarial. La primera clasificada, adem\u00e1s, recibir\u00e1 un programa avanzado en Econom\u00eda Verde de Next Educaci\u00f3n.<\/p>\n<div id=\"attachment_2759\" style=\"width: 521px\" class=\"wp-caption alignleft\"><a href=\"http:\/\/www.periodistasporlaigualdad.org\/?attachment_id=2759\" rel=\"attachment wp-att-2759\"><img aria-describedby=\"caption-attachment-2759\" decoding=\"async\" loading=\"lazy\" class=\"wp-image-2759 \" src=\"http:\/\/www.periodistasporlaigualdad.org\/wp-content\/uploads\/2024\/05\/IMG_20221029_112122-1024x461.jpg\" alt=\"Mar\u00eda Bosque (izq.)  en la presentaci\u00f3n de las Terceras Jornadas de la Fruta de Valtorres (Zaragoza)\" width=\"511\" height=\"230\" srcset=\"http:\/\/www.periodistasporlaigualdad.org\/wp-content\/uploads\/2024\/05\/IMG_20221029_112122-1024x461.jpg 1024w, http:\/\/www.periodistasporlaigualdad.org\/wp-content\/uploads\/2024\/05\/IMG_20221029_112122-300x135.jpg 300w, http:\/\/www.periodistasporlaigualdad.org\/wp-content\/uploads\/2024\/05\/IMG_20221029_112122-768x346.jpg 768w, http:\/\/www.periodistasporlaigualdad.org\/wp-content\/uploads\/2024\/05\/IMG_20221029_112122-1536x691.jpg 1536w, http:\/\/www.periodistasporlaigualdad.org\/wp-content\/uploads\/2024\/05\/IMG_20221029_112122-2048x922.jpg 2048w, http:\/\/www.periodistasporlaigualdad.org\/wp-content\/uploads\/2024\/05\/IMG_20221029_112122-958x431.jpg 958w, http:\/\/www.periodistasporlaigualdad.org\/wp-content\/uploads\/2024\/05\/IMG_20221029_112122-600x270.jpg 600w\" sizes=\"(max-width: 511px) 100vw, 511px\" \/><\/a><p id=\"caption-attachment-2759\" class=\"wp-caption-text\">Mar\u00eda Bosque (izq.) en la presentaci\u00f3n de las Terceras Jornadas de la Fruta de Valtorres (Zaragoza)<\/p><\/div>\n<p>El periodista Manuel Campo Vidal, ha sido el encargado de presidir el premio. Y ha estado compuesto por algunos de sus miembros fundadores: Agustina Sang\u00fcesa, periodista y fundadora; Chema L\u00f3pez Juder\u00edas, periodista y ex Director del Diario de Teruel; Ana I. Gracia, periodista en El Espa\u00f1ol; y el periodista Alberto Fandos Portella, secretario general del premio.<\/p>\n<p>La entrega del I Premio Red de Periodistas Rurales\u00a0 tendr\u00e1 lugar el 30 de mayo\u00a0 en la Sede Acad\u00e9mica de Next Educaci\u00f3n (Calle Almagro, 42 de Madrid), a las 11.\u00a0 \u00a0Para asistir a la entrega de los premios\u00a0 es necesario comunicarlo con antelaci\u00f3n a info@reddeperiodistasrurales.com.<\/p>\n","protected":false},"excerpt":{"rendered":"<p>El jurado del I Premio de Periodismo Rural impulsado por la Red de Periodistas Rurales ha determinado conceder a nuestra compa\u00f1era Mar\u00eda Bosque Senero el I premio por el reportaje publicado en Diario.es Entrecabritos, una ganader\u00eda turolense que pide auxilio: \u201cSin apoyo institucional, no hay premio que valga\u201d Esta es la entrevista que le han realizado en Arag\u00f3n TV a prop\u00f3sito de esta distinci\u00f3n. Para la concesi\u00f3n del premio se han tenido en cuenta aspectos como &#8220;la tem\u00e1tica del contenido, la innovaci\u00f3n de las iniciativas, su relevancia informativa, la visi\u00f3n positiva del desarrollo rural o el car\u00e1cter humano&#8221;. En este sentido, tras analizar a todas las personas participantes, el jurado ha querido se\u00f1alar que \u00abla calidad del periodismo rural cada d\u00eda es mayor\u00ab, por lo que ha sido muy dif\u00edcil elegir a entre las 40 candidaturas presentadas. El segundo premio ha reca\u00eddo en Ainhoa D\u00edez\u00a0 por su reportaje \u2018Fuga de cerebros en la Espa\u00f1a vaciada: c\u00f3mo Madrid absorbe el talento joven del resto de comunidades\u2019 Y se han ampliado a tres los premios para la categor\u00eda del tercer puesto: Jos\u00e9 Iv\u00e1n Su\u00e1rez y Elena Mart\u00ednez\u00a0 con \u2018Balazote, el pueblo que blind\u00f3 su futuro apostando por el ajo\u2019. Emma Zaf\u00f3n por\u00a0 \u2018Matarranya \u00cdntim, la militancia tozuda de un proyecto cultural que alcanza su d\u00e9cima edici\u00f3n\u2019 e Irene Barahona con \u2018El sue\u00f1o de regresar gracias al teletrabajo\u2019 Seg\u00fan las bases del premio, son tres los ganadores que recibir\u00e1n un Curso de Comunicaci\u00f3n de Next Educaci\u00f3n y el Instituto de Comunicaci\u00f3n Empresarial. La primera clasificada, adem\u00e1s, recibir\u00e1 un programa avanzado en Econom\u00eda Verde de Next Educaci\u00f3n. El periodista Manuel Campo Vidal, ha sido el encargado de presidir el premio. Y ha estado compuesto por algunos de sus miembros fundadores: Agustina Sang\u00fcesa, periodista y fundadora; Chema L\u00f3pez Juder\u00edas, periodista y ex Director del Diario de Teruel; Ana I. Gracia, periodista en El Espa\u00f1ol; y el periodista Alberto Fandos Portella, secretario general del premio. La entrega del I Premio Red de Periodistas Rurales\u00a0 tendr\u00e1 lugar el 30 de mayo\u00a0 en la Sede Acad\u00e9mica de Next Educaci\u00f3n (Calle Almagro, 42 de Madrid), a las 11.\u00a0 \u00a0Para asistir a la entrega de los premios\u00a0 es necesario comunicarlo con antelaci\u00f3n a info@reddeperiodistasrurales.com.<\/p>\n","protected":false},"author":1,"featured_media":2760,"comment_status":"open","ping_status":"open","sticky":false,"template":"","format":"standard","meta":[],"categories":[495,150],"tags":[581,546,580],"_links":{"self":[{"href":"http:\/\/www.periodistasporlaigualdad.org\/index.php?rest_route=\/wp\/v2\/posts\/2754"}],"collection":[{"href":"http:\/\/www.periodistasporlaigualdad.org\/index.php?rest_route=\/wp\/v2\/posts"}],"about":[{"href":"http:\/\/www.periodistasporlaigualdad.org\/index.php?rest_route=\/wp\/v2\/types\/post"}],"author":[{"embeddable":true,"href":"http:\/\/www.periodistasporlaigualdad.org\/index.php?rest_route=\/wp\/v2\/users\/1"}],"replies":[{"embeddable":true,"href":"http:\/\/www.periodistasporlaigualdad.org\/index.php?rest_route=%2Fwp%2Fv2%2Fcomments&post=2754"}],"version-history":[{"count":3,"href":"http:\/\/www.periodistasporlaigualdad.org\/index.php?rest_route=\/wp\/v2\/posts\/2754\/revisions"}],"predecessor-version":[{"id":2764,"href":"http:\/\/www.periodistasporlaigualdad.org\/index.php?rest_route=\/wp\/v2\/posts\/2754\/revisions\/2764"}],"wp:featuredmedia":[{"embeddable":true,"href":"http:\/\/www.periodistasporlaigualdad.org\/index.php?rest_route=\/wp\/v2\/media\/2760"}],"wp:attachment":[{"href":"http:\/\/www.periodistasporlaigualdad.org\/index.php?rest_route=%2Fwp%2Fv2%2Fmedia&parent=2754"}],"wp:term":[{"taxonomy":"category","embeddable":true,"href":"http:\/\/www.periodistasporlaigualdad.org\/index.php?rest_route=%2Fwp%2Fv2%2Fcategories&post=2754"},{"taxonomy":"post_tag","embeddable":true,"href":"http:\/\/www.periodistasporlaigualdad.org\/index.php?rest_route=%2Fwp%2Fv2%2Ftags&post=2754"}],"curies":[{"name":"wp","href":"https:\/\/api.w.org\/{rel}","templated":true}]}}