{"id":2766,"date":"2024-05-19T13:24:19","date_gmt":"2024-05-19T13:24:19","guid":{"rendered":"http:\/\/www.periodistasporlaigualdad.org\/?p=2766"},"modified":"2024-07-30T08:10:55","modified_gmt":"2024-07-30T08:10:55","slug":"marta-lopez-buesa-secretaria-general-de-ccoo-en-la-cadena-cope","status":"publish","type":"post","link":"http:\/\/www.periodistasporlaigualdad.org\/?p=2766","title":{"rendered":"Marta L\u00f3pez Buesa, secretaria general de CCOO en la cadena COPE"},"content":{"rendered":"<div id=\"attachment_2767\" style=\"width: 396px\" class=\"wp-caption alignleft\"><a href=\"http:\/\/www.periodistasporlaigualdad.org\/?attachment_id=2767\" rel=\"attachment wp-att-2767\"><img aria-describedby=\"caption-attachment-2767\" decoding=\"async\" loading=\"lazy\" class=\"wp-image-2767\" src=\"http:\/\/www.periodistasporlaigualdad.org\/wp-content\/uploads\/2024\/05\/marta-lopez-en-CC-OO-elegida-1024x576.jpg\" alt=\"\" width=\"386\" height=\"217\" srcset=\"http:\/\/www.periodistasporlaigualdad.org\/wp-content\/uploads\/2024\/05\/marta-lopez-en-CC-OO-elegida-1024x576.jpg 1024w, http:\/\/www.periodistasporlaigualdad.org\/wp-content\/uploads\/2024\/05\/marta-lopez-en-CC-OO-elegida-300x169.jpg 300w, http:\/\/www.periodistasporlaigualdad.org\/wp-content\/uploads\/2024\/05\/marta-lopez-en-CC-OO-elegida-768x432.jpg 768w, http:\/\/www.periodistasporlaigualdad.org\/wp-content\/uploads\/2024\/05\/marta-lopez-en-CC-OO-elegida-1536x864.jpg 1536w, http:\/\/www.periodistasporlaigualdad.org\/wp-content\/uploads\/2024\/05\/marta-lopez-en-CC-OO-elegida-958x539.jpg 958w, http:\/\/www.periodistasporlaigualdad.org\/wp-content\/uploads\/2024\/05\/marta-lopez-en-CC-OO-elegida-600x338.jpg 600w, http:\/\/www.periodistasporlaigualdad.org\/wp-content\/uploads\/2024\/05\/marta-lopez-en-CC-OO-elegida.jpg 1756w\" sizes=\"(max-width: 386px) 100vw, 386px\" \/><\/a><p id=\"caption-attachment-2767\" class=\"wp-caption-text\">Marta L\u00f3pez Buesa (tercera empezando por la dcha.) con el resto de sus compa\u00f1er@s de CCOO en Madrid.<\/p><\/div>\n<p><span style=\"font-weight: 400;\">Nuestra compa\u00f1era <strong>Marta L\u00f3pez Buesa<\/strong>, <a href=\"https:\/\/www.cope.es\/autores\/marta-lopez\">periodista en <strong>COPE Arag\u00f3n<\/strong><\/a>,&nbsp; acaba de ser elegida por unanimidad <a href=\"https:\/\/ccoocope.blogspot.com\/2024\/05\/iv-asamblea-congresual-ccoo-coope.html\"><strong>secretaria general de CC.OO.<\/strong><\/a> en <strong>COPE<\/strong>. Marta es una grand\u00edsima profesional, comprometida con el periodismo porque le encanta contar historias a las que da el toque humano fundamental para visibilizar a quienes no tienen la oportunidad de salir en los medios pero que tambi\u00e9n protagonizan historias de vida que merece la pena comunicar.&nbsp; Cree en la funci\u00f3n social del&nbsp; periodismo y eso lo transmite en su d\u00eda a d\u00eda. <\/span><\/p>\n<p><span style=\"font-weight: 400;\">Marta L\u00f3pez Buesa considera que es muy complicado ser periodista y tener familia &#8220;porque somos periodistas 24\/7 y eso a veces lo hace realmente dif\u00edcil de compaginar con una vida normal&#8221; afirma en <a href=\"https:\/\/x.com\/CCOOAragon\/status\/1791384633835163979?t=Las62yiURYHpOXahJg21mg&amp;s=08\"><strong>esta entrevista realizada por CCOO Arag\u00f3n<\/strong><\/a>.<\/span><\/p>\n<p><span style=\"font-weight: 400;\">Como afirma, Marta se hizo delegada de la plantilla de trabajadores porque &#8220;le gusta ayudar a sus compa\u00f1eros y compa\u00f1eras a conseguir mejoras laborales&#8221;.&nbsp; Cree que las empresas pueden ser m\u00e1s humanas y por eso quiere conseguirlo. Se decant\u00f3 por Comisiones Obreras porque &#8220;es un sindicato que lucha y que negocia. Son importantes las dos cosas y compaginarlas bien&#8221;.&nbsp; Afirma que afronta esta nueva etapa &#8220;con mucha responsabilidad, con mucho respeto,&nbsp; con muchas ganas de hacer cosas y seguir por ejemplo consiguiendo mejoras&nbsp; como en la \u00faltima mejora de convenio que hemos sacado; cosas interesantes a nivel de conciliaci\u00f3n y medidas sociales que ella cree que, adem\u00e1s de las tablas salariales que tambi\u00e9n est\u00e1n muy bien, hay otras medidas por quienes se dedican al periodismo deben conseguir.<\/span><\/p>\n","protected":false},"excerpt":{"rendered":"<p>Nuestra compa\u00f1era Marta L\u00f3pez Buesa, periodista en COPE Arag\u00f3n,&nbsp; acaba de ser elegida por unanimidad secretaria general de CC.OO. en COPE. Marta es una grand\u00edsima profesional, comprometida con el periodismo porque le encanta contar historias a las que da el toque humano fundamental para visibilizar a quienes no tienen la oportunidad de salir en los medios pero que tambi\u00e9n protagonizan historias de vida que merece la pena comunicar.&nbsp; Cree en la funci\u00f3n social del&nbsp; periodismo y eso lo transmite en su d\u00eda a d\u00eda. Marta L\u00f3pez Buesa considera que es muy complicado ser periodista y tener familia &#8220;porque somos periodistas 24\/7 y eso a veces lo hace realmente dif\u00edcil de compaginar con una vida normal&#8221; afirma en esta entrevista realizada por CCOO Arag\u00f3n. Como afirma, Marta se hizo delegada de la plantilla de trabajadores porque &#8220;le gusta ayudar a sus compa\u00f1eros y compa\u00f1eras a conseguir mejoras laborales&#8221;.&nbsp; Cree que las empresas pueden ser m\u00e1s humanas y por eso quiere conseguirlo. Se decant\u00f3 por Comisiones Obreras porque &#8220;es un sindicato que lucha y que negocia. Son importantes las dos cosas y compaginarlas bien&#8221;.&nbsp; Afirma que afronta esta nueva etapa &#8220;con mucha responsabilidad, con mucho respeto,&nbsp; con muchas ganas de hacer cosas y seguir por ejemplo consiguiendo mejoras&nbsp; como en la \u00faltima mejora de convenio que hemos sacado; cosas interesantes a nivel de conciliaci\u00f3n y medidas sociales que ella cree que, adem\u00e1s de las tablas salariales que tambi\u00e9n est\u00e1n muy bien, hay otras medidas por quienes se dedican al periodismo deben conseguir.<\/p>\n","protected":false},"author":1,"featured_media":2768,"comment_status":"open","ping_status":"open","sticky":false,"template":"","format":"standard","meta":[],"categories":[494,150],"tags":[],"_links":{"self":[{"href":"http:\/\/www.periodistasporlaigualdad.org\/index.php?rest_route=\/wp\/v2\/posts\/2766"}],"collection":[{"href":"http:\/\/www.periodistasporlaigualdad.org\/index.php?rest_route=\/wp\/v2\/posts"}],"about":[{"href":"http:\/\/www.periodistasporlaigualdad.org\/index.php?rest_route=\/wp\/v2\/types\/post"}],"author":[{"embeddable":true,"href":"http:\/\/www.periodistasporlaigualdad.org\/index.php?rest_route=\/wp\/v2\/users\/1"}],"replies":[{"embeddable":true,"href":"http:\/\/www.periodistasporlaigualdad.org\/index.php?rest_route=%2Fwp%2Fv2%2Fcomments&post=2766"}],"version-history":[{"count":3,"href":"http:\/\/www.periodistasporlaigualdad.org\/index.php?rest_route=\/wp\/v2\/posts\/2766\/revisions"}],"predecessor-version":[{"id":2812,"href":"http:\/\/www.periodistasporlaigualdad.org\/index.php?rest_route=\/wp\/v2\/posts\/2766\/revisions\/2812"}],"wp:featuredmedia":[{"embeddable":true,"href":"http:\/\/www.periodistasporlaigualdad.org\/index.php?rest_route=\/wp\/v2\/media\/2768"}],"wp:attachment":[{"href":"http:\/\/www.periodistasporlaigualdad.org\/index.php?rest_route=%2Fwp%2Fv2%2Fmedia&parent=2766"}],"wp:term":[{"taxonomy":"category","embeddable":true,"href":"http:\/\/www.periodistasporlaigualdad.org\/index.php?rest_route=%2Fwp%2Fv2%2Fcategories&post=2766"},{"taxonomy":"post_tag","embeddable":true,"href":"http:\/\/www.periodistasporlaigualdad.org\/index.php?rest_route=%2Fwp%2Fv2%2Ftags&post=2766"}],"curies":[{"name":"wp","href":"https:\/\/api.w.org\/{rel}","templated":true}]}}