{"id":2774,"date":"2024-07-12T21:16:50","date_gmt":"2024-07-12T21:16:50","guid":{"rendered":"http:\/\/www.periodistasporlaigualdad.org\/?p=2774"},"modified":"2024-07-29T14:24:56","modified_gmt":"2024-07-29T14:24:56","slug":"nuestra-socia-silvia-de-felix-emprende-un-viaje-con-destino-democracia","status":"publish","type":"post","link":"http:\/\/www.periodistasporlaigualdad.org\/?p=2774","title":{"rendered":"LA OBSERVADORA INTERNACIONAL, SILVIA DE F\u00c9LIX, EMPRENDE UN VIAJE CON DESTINO &#8220;DEMOCRACIA&#8221;"},"content":{"rendered":"<p><em>El IAACC Pablo Serrano ofrece hasta el 1 de septiembre\u00a0 la exposici\u00f3n &#8216;Destino Democracia&#8217;, de la periodista y observadora internacional, Silvia de F\u00e9lix.<\/em><\/p>\n<p><a class=\"\" href=\"http:\/\/www.periodistasporlaigualdad.org\/?page_id=916\">Nuestra socia Silvia de F\u00e9lix<\/a> (Zaragoza) emprendi\u00f3 hace casi 20 a\u00f1os una Odisea muy particular: retratar c\u00f3mo se llevaban a cabo las elecciones democr\u00e1ticas en\u00a0 pa\u00edses con problemas de inestabilidad pol\u00edtica o en v\u00edas de desarrollo. Desde entonces, ha visitado 18 pa\u00edses en cuatro continentes como observadora internacional\u00a0 analizando los\u00a0 medios de comunicaci\u00f3n y redes sociales y como responable de prensa, principalmente con la Uni\u00f3n Europea, la <a class=\"\" href=\"https:\/\/www.osce.org\/es\">Organizaci\u00f3n para la Seguridad y Cooperaci\u00f3n en Europa (OSCE)<\/a> y el <a class=\"\" href=\"https:\/\/www.cartercenter.org\/?l=es\">Centro Carter.\u00a0<\/a> <a class=\"\" href=\"http:\/\/www.periodistasporlaigualdad.org\/?attachment_id=2778\" rel=\"attachment wp-att-2778\"><img decoding=\"async\" loading=\"lazy\" class=\"alignleft  wp-image-2778\" src=\"http:\/\/www.periodistasporlaigualdad.org\/wp-content\/uploads\/2024\/07\/foto-4-1024x576.jpg\" alt=\"Personas mirando unas fotograf\u00edas en la inauguraci\u00f3n de la exposici\u00f3n de Silvia de F\u00e9lix, 1 de junio de 2024\" width=\"491\" height=\"276\" srcset=\"http:\/\/www.periodistasporlaigualdad.org\/wp-content\/uploads\/2024\/07\/foto-4-1024x576.jpg 1024w, http:\/\/www.periodistasporlaigualdad.org\/wp-content\/uploads\/2024\/07\/foto-4-300x169.jpg 300w, http:\/\/www.periodistasporlaigualdad.org\/wp-content\/uploads\/2024\/07\/foto-4-768x432.jpg 768w, http:\/\/www.periodistasporlaigualdad.org\/wp-content\/uploads\/2024\/07\/foto-4-1536x864.jpg 1536w, http:\/\/www.periodistasporlaigualdad.org\/wp-content\/uploads\/2024\/07\/foto-4-958x539.jpg 958w, http:\/\/www.periodistasporlaigualdad.org\/wp-content\/uploads\/2024\/07\/foto-4-600x338.jpg 600w, http:\/\/www.periodistasporlaigualdad.org\/wp-content\/uploads\/2024\/07\/foto-4.jpg 2040w\" sizes=\"(max-width: 491px) 100vw, 491px\" \/><\/a>Pero esta profesional va m\u00e1s all\u00e1 de su trabajo. Tambi\u00e9n es una fotoperiodista integral que ha hecho del fotorreportaje documental otra manera de expresar lo que significan estos comicios en pa\u00edses donde la falta de recursos desestabilizan los procesos democr\u00e1ticos. Por eso sus instant\u00e1neas recogen el microsegundo decisivo, m\u00e1s all\u00e1 de Cartier-Bresson,\u00a0 que muestra c\u00f3mo se la juegan estas democracias.<\/p>\n<p>\u00a0<\/p>\n<div class=\"vc_row wpb_row vc_row-fluid\">\n<div class=\"wpb_column vc_column_container vc_col-sm-12\">\n<div class=\"vc_column-inner\">\n<div class=\"wpb_wrapper\">\n<div class=\"wpb_text_column wpb_content_element \">\n<div class=\"wpb_wrapper\">\n<p>La muestra, comisariada por el fundador de la hist\u00f3rica <a href=\"https:\/\/www.elperiodicodearagon.com\/cultura\/2022\/07\/13\/spectrum-sotos-45-anos-dedicados-68299320.html\">galer\u00eda Spectrum<\/a>, <a class=\"\" href=\"https:\/\/www.arteinformado.com\/guia\/f\/julio-alvarez-sotos-156962\">Julio \u00c1lvarez<\/a>, recoge 56 fotograf\u00edas que retratan cada parte del proceso electoral de los\u00a0 pa\u00edses que\u00a0 ha visitado. Y ha sido muy dif\u00edcil seleccionar las fotos de casi dos d\u00e9cadas de estos pa\u00edses\u00a0 que luchan por consolidar la democracia en sus sistemas de gobierno. Son 56 fotograf\u00edas que abordan, de manera estructurada, las distintas fases que conforman los comicios electorales.\u00a0 <a class=\"\" href=\"https:\/\/www.youtube.com\/watch?v=fpvWxCzR7o0\">Aqu\u00ed puedes ver el <em>making-of<\/em> de la exposici\u00f3n<\/a>, realizado por El Kappa Producciones.<\/p>\n<p><iframe loading=\"lazy\" title=\"Making-of de la exposici\u00f3n &quot;Silvia de F\u00e9lix. Destino democracia&quot;\" width=\"680\" height=\"383\" src=\"https:\/\/www.youtube.com\/embed\/fpvWxCzR7o0?feature=oembed\" frameborder=\"0\" allow=\"accelerometer; autoplay; clipboard-write; encrypted-media; gyroscope; picture-in-picture; web-share\" referrerpolicy=\"strict-origin-when-cross-origin\" allowfullscreen><\/iframe><\/p>\n<\/div>\n<\/div>\n<\/div>\n<\/div>\n<\/div>\n<\/div>\n<p>Del 5 de junio al 1 de septiembre de 2024 podr\u00eda decirse que hay una peque\u00f1a visita obligada al <a class=\"\" href=\"https:\/\/iaacc.es\/\"><strong>Instituto Aragon\u00e9s de Arte y Cultura Contempor\u00e1neos, (IAACC)<\/strong><\/a>, conocido tambi\u00e9n como Museo <a href=\"https:\/\/iaacc.es\/colecciones-museo\/coleccion-fundacional-pablo-serrano\/\">Pablo Serrano<\/a>.<\/p>\n<p><a class=\"\" href=\"http:\/\/www.periodistasporlaigualdad.org\/?attachment_id=2777\" rel=\"attachment wp-att-2777\"><img decoding=\"async\" loading=\"lazy\" class=\"wp-image-2777 alignright\" src=\"http:\/\/www.periodistasporlaigualdad.org\/wp-content\/uploads\/2024\/07\/foto-2-expo-silvia-1024x703.jpg\" alt=\"Una joven mira una de las fotograf\u00edas de la exposici\u00f3n de Silvia de F\u00e9lix, en Zaragoza, el 31 de mayo de 2024\" width=\"523\" height=\"359\" srcset=\"http:\/\/www.periodistasporlaigualdad.org\/wp-content\/uploads\/2024\/07\/foto-2-expo-silvia-1024x703.jpg 1024w, http:\/\/www.periodistasporlaigualdad.org\/wp-content\/uploads\/2024\/07\/foto-2-expo-silvia-300x206.jpg 300w, http:\/\/www.periodistasporlaigualdad.org\/wp-content\/uploads\/2024\/07\/foto-2-expo-silvia-768x527.jpg 768w, http:\/\/www.periodistasporlaigualdad.org\/wp-content\/uploads\/2024\/07\/foto-2-expo-silvia-1536x1054.jpg 1536w, http:\/\/www.periodistasporlaigualdad.org\/wp-content\/uploads\/2024\/07\/foto-2-expo-silvia-958x657.jpg 958w, http:\/\/www.periodistasporlaigualdad.org\/wp-content\/uploads\/2024\/07\/foto-2-expo-silvia-600x412.jpg 600w, http:\/\/www.periodistasporlaigualdad.org\/wp-content\/uploads\/2024\/07\/foto-2-expo-silvia.jpg 1673w\" sizes=\"(max-width: 523px) 100vw, 523px\" \/><\/a><\/p>\n\n\n\n\n\n\n\n\n\n\n\n\n\n\n<figure class=\"wp-block-video\"><\/figure>\n\n\n\n<figure class=\"wp-block-video\"><\/figure>\n\n\n\n<figure class=\"wp-block-video\"><\/figure>\n\n\n\n<figure class=\"wp-block-video\"><\/figure>\n\n\n\n<figure class=\"wp-block-video\"><\/figure>\n","protected":false},"excerpt":{"rendered":"<p>El IAACC Pablo Serrano ofrece hasta el 1 de septiembre\u00a0 la exposici\u00f3n &#8216;Destino Democracia&#8217;, de la periodista y observadora internacional, Silvia de F\u00e9lix. Nuestra socia Silvia de F\u00e9lix (Zaragoza) emprendi\u00f3 hace casi 20 a\u00f1os una Odisea muy particular: retratar c\u00f3mo se llevaban a cabo las elecciones democr\u00e1ticas en\u00a0 pa\u00edses con problemas de inestabilidad pol\u00edtica o en v\u00edas de desarrollo. Desde entonces, ha visitado 18 pa\u00edses en cuatro continentes como observadora internacional\u00a0 analizando los\u00a0 medios de comunicaci\u00f3n y redes sociales y como responable de prensa, principalmente con la Uni\u00f3n Europea, la Organizaci\u00f3n para la Seguridad y Cooperaci\u00f3n en Europa (OSCE) y el Centro Carter.\u00a0 Pero esta profesional va m\u00e1s all\u00e1 de su trabajo. Tambi\u00e9n es una fotoperiodista integral que ha hecho del fotorreportaje documental otra manera de expresar lo que significan estos comicios en pa\u00edses donde la falta de recursos desestabilizan los procesos democr\u00e1ticos. Por eso sus instant\u00e1neas recogen el microsegundo decisivo, m\u00e1s all\u00e1 de Cartier-Bresson,\u00a0 que muestra c\u00f3mo se la juegan estas democracias. \u00a0 La muestra, comisariada por el fundador de la hist\u00f3rica galer\u00eda Spectrum, Julio \u00c1lvarez, recoge 56 fotograf\u00edas que retratan cada parte del proceso electoral de los\u00a0 pa\u00edses que\u00a0 ha visitado. Y ha sido muy dif\u00edcil seleccionar las fotos de casi dos d\u00e9cadas de estos pa\u00edses\u00a0 que luchan por consolidar la democracia en sus sistemas de gobierno. Son 56 fotograf\u00edas que abordan, de manera estructurada, las distintas fases que conforman los comicios electorales.\u00a0 Aqu\u00ed puedes ver el making-of de la exposici\u00f3n, realizado por El Kappa Producciones. Del 5 de junio al 1 de septiembre de 2024 podr\u00eda decirse que hay una peque\u00f1a visita obligada al Instituto Aragon\u00e9s de Arte y Cultura Contempor\u00e1neos, (IAACC), conocido tambi\u00e9n como Museo Pablo Serrano.<\/p>\n","protected":false},"author":1,"featured_media":2779,"comment_status":"open","ping_status":"open","sticky":false,"template":"","format":"standard","meta":[],"categories":[150,438],"tags":[582,584,583,585,541],"_links":{"self":[{"href":"http:\/\/www.periodistasporlaigualdad.org\/index.php?rest_route=\/wp\/v2\/posts\/2774"}],"collection":[{"href":"http:\/\/www.periodistasporlaigualdad.org\/index.php?rest_route=\/wp\/v2\/posts"}],"about":[{"href":"http:\/\/www.periodistasporlaigualdad.org\/index.php?rest_route=\/wp\/v2\/types\/post"}],"author":[{"embeddable":true,"href":"http:\/\/www.periodistasporlaigualdad.org\/index.php?rest_route=\/wp\/v2\/users\/1"}],"replies":[{"embeddable":true,"href":"http:\/\/www.periodistasporlaigualdad.org\/index.php?rest_route=%2Fwp%2Fv2%2Fcomments&post=2774"}],"version-history":[{"count":13,"href":"http:\/\/www.periodistasporlaigualdad.org\/index.php?rest_route=\/wp\/v2\/posts\/2774\/revisions"}],"predecessor-version":[{"id":2803,"href":"http:\/\/www.periodistasporlaigualdad.org\/index.php?rest_route=\/wp\/v2\/posts\/2774\/revisions\/2803"}],"wp:featuredmedia":[{"embeddable":true,"href":"http:\/\/www.periodistasporlaigualdad.org\/index.php?rest_route=\/wp\/v2\/media\/2779"}],"wp:attachment":[{"href":"http:\/\/www.periodistasporlaigualdad.org\/index.php?rest_route=%2Fwp%2Fv2%2Fmedia&parent=2774"}],"wp:term":[{"taxonomy":"category","embeddable":true,"href":"http:\/\/www.periodistasporlaigualdad.org\/index.php?rest_route=%2Fwp%2Fv2%2Fcategories&post=2774"},{"taxonomy":"post_tag","embeddable":true,"href":"http:\/\/www.periodistasporlaigualdad.org\/index.php?rest_route=%2Fwp%2Fv2%2Ftags&post=2774"}],"curies":[{"name":"wp","href":"https:\/\/api.w.org\/{rel}","templated":true}]}}