{"id":2836,"date":"2024-10-03T08:43:00","date_gmt":"2024-10-03T08:43:00","guid":{"rendered":"http:\/\/www.periodistasporlaigualdad.org\/?p=2836"},"modified":"2024-10-03T12:51:13","modified_gmt":"2024-10-03T12:51:13","slug":"curso-en-jaca-sobre-medios-de-comunicacion-genero-y-valores-democraticos","status":"publish","type":"post","link":"http:\/\/www.periodistasporlaigualdad.org\/?p=2836","title":{"rendered":"Ap\u00fantate al curso sobre &#8220;Medios de Comunicaci\u00f3n, G\u00e9nero y Valores Democr\u00e1ticos&#8221;, en Zaragoza, del 21 al 23 de octubre."},"content":{"rendered":"<p>Del 21 al 23 de octubre tendr\u00e1 lugar en Zaragoza el curso gratuito titulado &#8220;<strong>Medios de Comunicaci\u00f3n, G\u00e9nero y Valores Democr\u00e1ticos&#8221;. <\/strong>Organizado por la <a href=\"https:\/\/www.ucm.es\/\"><strong>Universidad Complutense de Madrid<\/strong><\/a> y la <a href=\"http:\/\/www.unizar.es\">Universidad de Zaragoza<\/a>, cuenta con la colaboraci\u00f3n del instituto de las Mujeres, y para acceder s\u00f3lo se requiere inscribirse mandando un correo a <strong>catedravdg@ucm.es<\/strong><\/p>\n<p>Dirigido al p\u00fablico en general y a periodistas en particular, el objetivo es dar a conocer el impacto que la <strong>igualdad como valor democr\u00e1tico<\/strong> ha tenido y tiene en los medios de comunicaci\u00f3n por sus diferentes \u00e1mbitos: legal, hist\u00f3rico, social y pol\u00edtico. En este curso tambi\u00e9n se analizar\u00e1 la perspectiva de g\u00e9nero de los medios y sus profesionales en el alcance de los valores democr\u00e1ticos con perspectiva de g\u00e9nero cuando informan o forman opini\u00f3n p\u00fablica. Dirigido por <a href=\"https:\/\/es.wikipedia.org\/wiki\/Isabel_Tajahuerce_%C3%81ngel\"><strong>Isabel Tajahuerce \u00c1ngel<\/strong><\/a>, directora de la <a href=\"https:\/\/www.ucm.es\/catedravaloresdemocraticosygenero\/\">C\u00e1tedra de Valores Democr\u00e1ticos y G\u00e9nero, <\/a>\u00a0profesora de Comunicaci\u00f3n y G\u00e9nero en la Facultad de Ciencias de la Informaci\u00f3n de la <a href=\"https:\/\/www.ucm.es\/\">UCM <\/a>\u00a0 y delegada del Rector para Igualdad de la UCM, junto con <a href=\"https:\/\/iphunizar.com\/ma-elena-bandres-goldaraz\/\">Elena Bandr\u00e9s Gold\u00e1raz<\/a>, profesora en el Grado de Periodismo, Comunicaci\u00f3n Audiovisual y Publicidad de la <a href=\"http:\/\/www.unizar.es\">Universidad de Zaragoza.<\/a><\/p>\n<p>Entre l@s ponentes, adem\u00e1s de las directoras, se encuentran <a href=\"https:\/\/www.linkedin.com\/in\/andrea-donofrio-18107623\/?originalSubdomain=es\">Andrea Donofrio<\/a>, profesor\u00a0 de Periodismo y Comunicaci\u00f3n Global de la UCM; \u00a0<a href=\"https:\/\/www.ucm.es\/english\/directorio\/?id=38541\">Manuel Rodr\u00edguez Gago<\/a>, coordinador de la C\u00e1tedra de Valores Democr\u00e1ticos y G\u00e9nero de la UCM; <a href=\"https:\/\/www.ucm.es\/hcs\/marquez-padorno,-margarita\">Margarita M\u00e1rquez Padorno<\/a>, jefa de la Unidad de Igualdad del Tribunal de Cuentas y <a href=\"https:\/\/elpais.com\/sociedad\/2024-07-30\/nuria-varela-todos-quieren-el-feminismo-unos-para-destruirlo-y-otros-para-apropiarselo.html\">Nuria Varela Men\u00e9ndez<\/a>, escritora y periodista.<\/p>\n<p>El curso tendr\u00e1 lugar en el sal\u00f3n de actos de la biblioteca Mar\u00eda Moliner, en el campus San Francisco de Zaragoza, as\u00ed como en varias aulas del edificio de Filosof\u00eda y Letras. Se entregar\u00e1 un diploma a las personas inscritas y que hayan realizado el curso.<\/p>\n<p>Programa:<br \/>Lunes, 21 de Octubre<br \/>*10 h. Las leyes de la igualdad y su repercusi\u00f3n medi\u00e1tica. Ponente: Isabel Tajahuerce \u00c1ngel.\u00a0 Lugar: Sal\u00f3n de actos Biblioteca Mar\u00eda Moliner<\/p>\n<p>*15:30 h. Im\u00e1genes de la masculinidad. Manuel Rodr\u00edguez Gago. Lugar: Sal\u00f3n de actos Biblioteca Mar\u00eda Moliner<\/p>\n<p>Martes, 22 de Octubre<\/p>\n<p>*10 h. h. Comunicaci\u00f3n y Pol\u00edticas P\u00fablicas. Ponentes: Nuria Varela Men\u00e9ndez e Isabel Tajahuerce \u00c1ngel. Lugar: Sal\u00f3n de actos Biblioteca Mar\u00eda Moliner<\/p>\n<p>*15:30 h. De los discursos y los m\u00edtines a los medios de comunicaci\u00f3n: la reacci\u00f3n conservadora frente al feminismo. Ponente: Andrea Donofrio. Lugar: Sal\u00f3n de actos Biblioteca Mar\u00eda Moliner<\/p>\n<p>Mi\u00e9rcoles, 23 de Octubre<\/p>\n<p>*10 h. C\u00f3mo aprender a utilizar el lenguaje igualitario en los medios de comunicaci\u00f3n y en la vida diaria. Ponente: Elena Bandr\u00e9s Gold\u00e1raz. Lugar: aula B1.4, Edificio Filosof\u00eda y Letras.<\/p>\n<p>*15:30 h. Del pasado al presente. Los medios de comunicaci\u00f3n ante los avances y la igualdad. Ponente: Margarita M\u00e1rquez Padorno.<\/p>\n<p><br \/><strong>Alumnado al que va dirigido:<\/strong><br \/>Alumnado y profesorado universitario; personas interesadas en los valores democr\u00e1ticos, igualdad y medios de comunicaci\u00f3n.\u00a0 Periodistas y personal t\u00e9cnico, de gesti\u00f3n y de administraci\u00f3n y servicios de la universidad.<\/p>\n<p>\u00a0<\/p>\n\n\n<figure class=\"wp-block-image size-large\"><img decoding=\"async\" loading=\"lazy\" width=\"576\" height=\"1024\" src=\"http:\/\/www.periodistasporlaigualdad.org\/wp-content\/uploads\/2024\/09\/cartel-curso-medios-de-comunicacion-576x1024.jpg\" alt=\"Curso sobre Medios de Comunicaci\u00f3n, G\u00e9nero y Valores Democr\u00e1ticos\" class=\"wp-image-2842\" srcset=\"http:\/\/www.periodistasporlaigualdad.org\/wp-content\/uploads\/2024\/09\/cartel-curso-medios-de-comunicacion-576x1024.jpg 576w, http:\/\/www.periodistasporlaigualdad.org\/wp-content\/uploads\/2024\/09\/cartel-curso-medios-de-comunicacion-169x300.jpg 169w, http:\/\/www.periodistasporlaigualdad.org\/wp-content\/uploads\/2024\/09\/cartel-curso-medios-de-comunicacion-768x1365.jpg 768w, http:\/\/www.periodistasporlaigualdad.org\/wp-content\/uploads\/2024\/09\/cartel-curso-medios-de-comunicacion-864x1536.jpg 864w, http:\/\/www.periodistasporlaigualdad.org\/wp-content\/uploads\/2024\/09\/cartel-curso-medios-de-comunicacion-600x1067.jpg 600w, http:\/\/www.periodistasporlaigualdad.org\/wp-content\/uploads\/2024\/09\/cartel-curso-medios-de-comunicacion.jpg 900w\" sizes=\"(max-width: 576px) 100vw, 576px\" \/><\/figure>\n","protected":false},"excerpt":{"rendered":"<p>Del 21 al 23 de octubre tendr\u00e1 lugar en Zaragoza el curso gratuito titulado &#8220;Medios de Comunicaci\u00f3n, G\u00e9nero y Valores Democr\u00e1ticos&#8221;. Organizado por la Universidad Complutense de Madrid y la Universidad de Zaragoza, cuenta con la colaboraci\u00f3n del instituto de las Mujeres, y para acceder s\u00f3lo se requiere inscribirse mandando un correo a catedravdg@ucm.es Dirigido al p\u00fablico en general y a periodistas en particular, el objetivo es dar a conocer el impacto que la igualdad como valor democr\u00e1tico ha tenido y tiene en los medios de comunicaci\u00f3n por sus diferentes \u00e1mbitos: legal, hist\u00f3rico, social y pol\u00edtico. En este curso tambi\u00e9n se analizar\u00e1 la perspectiva de g\u00e9nero de los medios y sus profesionales en el alcance de los valores democr\u00e1ticos con perspectiva de g\u00e9nero cuando informan o forman opini\u00f3n p\u00fablica. Dirigido por Isabel Tajahuerce \u00c1ngel, directora de la C\u00e1tedra de Valores Democr\u00e1ticos y G\u00e9nero, \u00a0profesora de Comunicaci\u00f3n y G\u00e9nero en la Facultad de Ciencias de la Informaci\u00f3n de la UCM \u00a0 y delegada del Rector para Igualdad de la UCM, junto con Elena Bandr\u00e9s Gold\u00e1raz, profesora en el Grado de Periodismo, Comunicaci\u00f3n Audiovisual y Publicidad de la Universidad de Zaragoza. Entre l@s ponentes, adem\u00e1s de las directoras, se encuentran Andrea Donofrio, profesor\u00a0 de Periodismo y Comunicaci\u00f3n Global de la UCM; \u00a0Manuel Rodr\u00edguez Gago, coordinador de la C\u00e1tedra de Valores Democr\u00e1ticos y G\u00e9nero de la UCM; Margarita M\u00e1rquez Padorno, jefa de la Unidad de Igualdad del Tribunal de Cuentas y Nuria Varela Men\u00e9ndez, escritora y periodista. El curso tendr\u00e1 lugar en el sal\u00f3n de actos de la biblioteca Mar\u00eda Moliner, en el campus San Francisco de Zaragoza, as\u00ed como en varias aulas del edificio de Filosof\u00eda y Letras. Se entregar\u00e1 un diploma a las personas inscritas y que hayan realizado el curso. Programa:Lunes, 21 de Octubre*10 h. Las leyes de la igualdad y su repercusi\u00f3n medi\u00e1tica. Ponente: Isabel Tajahuerce \u00c1ngel.\u00a0 Lugar: Sal\u00f3n de actos Biblioteca Mar\u00eda Moliner *15:30 h. Im\u00e1genes de la masculinidad. Manuel Rodr\u00edguez Gago. Lugar: Sal\u00f3n de actos Biblioteca Mar\u00eda Moliner Martes, 22 de Octubre *10 h. h. Comunicaci\u00f3n y Pol\u00edticas P\u00fablicas. Ponentes: Nuria Varela Men\u00e9ndez e Isabel Tajahuerce \u00c1ngel. Lugar: Sal\u00f3n de actos Biblioteca Mar\u00eda Moliner *15:30 h. De los discursos y los m\u00edtines a los medios de comunicaci\u00f3n: la reacci\u00f3n conservadora frente al feminismo. Ponente: Andrea Donofrio. Lugar: Sal\u00f3n de actos Biblioteca Mar\u00eda Moliner Mi\u00e9rcoles, 23 de Octubre *10 h. C\u00f3mo aprender a utilizar el lenguaje igualitario en los medios de comunicaci\u00f3n y en la vida diaria. Ponente: Elena Bandr\u00e9s Gold\u00e1raz. Lugar: aula B1.4, Edificio Filosof\u00eda y Letras. *15:30 h. Del pasado al presente. Los medios de comunicaci\u00f3n ante los avances y la igualdad. Ponente: Margarita M\u00e1rquez Padorno. Alumnado al que va dirigido:Alumnado y profesorado universitario; personas interesadas en los valores democr\u00e1ticos, igualdad y medios de comunicaci\u00f3n.\u00a0 Periodistas y personal t\u00e9cnico, de gesti\u00f3n y de administraci\u00f3n y servicios de la universidad. \u00a0<\/p>\n","protected":false},"author":1,"featured_media":2842,"comment_status":"open","ping_status":"open","sticky":false,"template":"","format":"standard","meta":[],"categories":[595,508],"tags":[596,582,297,146,130,163,597,579],"_links":{"self":[{"href":"http:\/\/www.periodistasporlaigualdad.org\/index.php?rest_route=\/wp\/v2\/posts\/2836"}],"collection":[{"href":"http:\/\/www.periodistasporlaigualdad.org\/index.php?rest_route=\/wp\/v2\/posts"}],"about":[{"href":"http:\/\/www.periodistasporlaigualdad.org\/index.php?rest_route=\/wp\/v2\/types\/post"}],"author":[{"embeddable":true,"href":"http:\/\/www.periodistasporlaigualdad.org\/index.php?rest_route=\/wp\/v2\/users\/1"}],"replies":[{"embeddable":true,"href":"http:\/\/www.periodistasporlaigualdad.org\/index.php?rest_route=%2Fwp%2Fv2%2Fcomments&post=2836"}],"version-history":[{"count":4,"href":"http:\/\/www.periodistasporlaigualdad.org\/index.php?rest_route=\/wp\/v2\/posts\/2836\/revisions"}],"predecessor-version":[{"id":2845,"href":"http:\/\/www.periodistasporlaigualdad.org\/index.php?rest_route=\/wp\/v2\/posts\/2836\/revisions\/2845"}],"wp:featuredmedia":[{"embeddable":true,"href":"http:\/\/www.periodistasporlaigualdad.org\/index.php?rest_route=\/wp\/v2\/media\/2842"}],"wp:attachment":[{"href":"http:\/\/www.periodistasporlaigualdad.org\/index.php?rest_route=%2Fwp%2Fv2%2Fmedia&parent=2836"}],"wp:term":[{"taxonomy":"category","embeddable":true,"href":"http:\/\/www.periodistasporlaigualdad.org\/index.php?rest_route=%2Fwp%2Fv2%2Fcategories&post=2836"},{"taxonomy":"post_tag","embeddable":true,"href":"http:\/\/www.periodistasporlaigualdad.org\/index.php?rest_route=%2Fwp%2Fv2%2Ftags&post=2836"}],"curies":[{"name":"wp","href":"https:\/\/api.w.org\/{rel}","templated":true}]}}