{"id":2859,"date":"2024-10-28T09:33:57","date_gmt":"2024-10-28T09:33:57","guid":{"rendered":"http:\/\/www.periodistasporlaigualdad.org\/?p=2859"},"modified":"2024-10-28T09:36:57","modified_gmt":"2024-10-28T09:36:57","slug":"la-asociacion-de-periodistas-por-la-igualdad-recuerda-que-el-periodismo-es-un-pilar-clave-en-la-lucha-contra-el-machismo-denunciando-casos-como-el-de-errejon","status":"publish","type":"post","link":"http:\/\/www.periodistasporlaigualdad.org\/?p=2859","title":{"rendered":"La asociaci\u00f3n de periodistas por la igualdad recuerda que el periodismo es un pilar clave en la lucha contra el machismo denunciando casos como el de Errej\u00f3n"},"content":{"rendered":"\n<p>Recibimos la noticia de la dimisi\u00f3n de \u00cd\u00f1igo Errej\u00f3n y los motivos que la impulsaron con el mismo estupor y repudio que muchas personas en la sociedad, y con <strong>un dolor particular por nuestro compromiso con la lucha desde la comunicaci\u00f3n para construir una sociedad libre de violencia de g\u00e9nero<\/strong>.<\/p>\n\n\n\n<p>Como profesionales periodistas, hemos tratado el papel de figuras pol\u00edticas en la vida p\u00fablica, contextualizando y facilitando la comprensi\u00f3n de los temas que afectan a la ciudadan\u00eda. Hoy, la ca\u00edda de una figura de gran relevancia <strong>nos recuerda cu\u00e1nto trabajo queda por hacer para desmantelar estructuras que ocultan, tras una fachada respetable, actos de acoso, abuso y violencia hacia las mujeres<\/strong>. En el fondo de esta violencia subyace la cosificaci\u00f3n de la v\u00edctima, trat\u00e1ndola como alguien a quien someter, y ah\u00ed comienza la desigualdad, una planta que, al crecer, se torna <strong>intolerable<\/strong>.<\/p>\n\n\n\n<p>Esto no es algo pasajero: Errej\u00f3n es solo la cara m\u00e1s visible, hasta ahora, de una larga lista de agresores que ejercen violencia desde sus posiciones de poder. Hoy, mujeres y hombres alzamos la voz y decimos basta. Ya no estamos solas en esta lucha; los movimientos como #MeToo han destapado horrores que ya nadie puede callar. <strong>Es esencial que los hombres cuestionen y rechacen la complicidad de su entorno, y que repudien cualquier comportamiento que perpet\u00fae la violencia de g\u00e9nero<\/strong>.<\/p>\n\n\n\n<p>Nuestra Asociaci\u00f3n naci\u00f3 para demostrar que el periodismo es un pilar clave en la lucha contra el machismo. <strong>Informar con rigor, ofrecer herramientas para el cambio y denunciar abusos de poder son nuestras responsabilidades<\/strong>. Para ello, es necesaria la formaci\u00f3n de las y los informadores en temas de Igualdad y contra la violencia de g\u00e9nero, con periodistas y secciones especializadas en cada medio, como el diario P\u00fablico, que destap\u00f3 el caso. <strong>Nos enorgullece profundamente el trabajo de Cristina Fallar\u00e1s<\/strong>, periodista con quien hemos colaborado en actividades formativas y cuyo esfuerzo desde sus redes para denunciar casos de acoso y abuso contra mujeres es incansable. Como no, <strong>tambi\u00e9n por la valent\u00eda de nuestra compa\u00f1era Elena L\u00e1zaro que ha hecho p\u00fablico haber sido v\u00edctima de abuso sexual por parte de un divulgador cient\u00edfico<\/strong>. Con gran estupor, vuestro m\u00e1ximo apoyo.<\/p>\n\n\n\n<p>Quiz\u00e1 falte decir que ojal\u00e1 esta sea la \u00faltima vez en la que las se\u00f1ales de alerta ante comportamientos machistas y faltas de respeto no sean atendidas con la agilidad y la premura necesarias para defender a las v\u00edctimas. <strong>Nunca m\u00e1s debe anteponerse la protecci\u00f3n al l\u00edder por encima de la defensa de las personas afectadas<\/strong>.<\/p>\n\n\n\n<p><strong>El periodismo tiene la capacidad y el deber de crear espacios seguros para que las voces de las v\u00edctimas sean escuchadas, sin ser juzgadas<\/strong>. Necesitamos perder el miedo a denunciar y enfrentar los abusos. Invitamos a nuestros colegas a formarse, a pedir ayuda, y a sumarse a esta causa con valent\u00eda, porque esta transformaci\u00f3n es inevitable y debe ocurrir. En palabras de una mujer valiente que lucha hoy en los tribunales franceses, <strong>\u201cla verg\u00fcenza debe cambiar de bando\u201d<\/strong>. Al igual que el miedo. <\/p>\n\n\n\n<p>Es hora de que eso suceda.<\/p>\n\n\n\n<p><\/p>\n\n\n<div class=\"wp-block-image\">\n<figure class=\"aligncenter size-large is-resized\"><img decoding=\"async\" loading=\"lazy\" src=\"http:\/\/www.periodistasporlaigualdad.org\/wp-content\/uploads\/2024\/10\/NP-Al-Hilo-de-lo-de-Errejon-1-723x1024.png\" alt=\"\" class=\"wp-image-2861\" width=\"362\" height=\"512\" srcset=\"http:\/\/www.periodistasporlaigualdad.org\/wp-content\/uploads\/2024\/10\/NP-Al-Hilo-de-lo-de-Errejon-1-723x1024.png 723w, http:\/\/www.periodistasporlaigualdad.org\/wp-content\/uploads\/2024\/10\/NP-Al-Hilo-de-lo-de-Errejon-1-212x300.png 212w, http:\/\/www.periodistasporlaigualdad.org\/wp-content\/uploads\/2024\/10\/NP-Al-Hilo-de-lo-de-Errejon-1-768x1088.png 768w, http:\/\/www.periodistasporlaigualdad.org\/wp-content\/uploads\/2024\/10\/NP-Al-Hilo-de-lo-de-Errejon-1-600x850.png 600w, http:\/\/www.periodistasporlaigualdad.org\/wp-content\/uploads\/2024\/10\/NP-Al-Hilo-de-lo-de-Errejon-1.png 791w\" sizes=\"(max-width: 362px) 100vw, 362px\" \/><figcaption class=\"wp-element-caption\"><a href=\"http:\/\/www.periodistasporlaigualdad.org\/wp-content\/uploads\/2024\/10\/2024-10-28-NP-ASOCIACION-PERIODISTAS-POR-LA-IGUALDAD.pdf\" data-type=\"URL\" data-id=\"http:\/\/www.periodistasporlaigualdad.org\/wp-content\/uploads\/2024\/10\/2024-10-28-NP-ASOCIACION-PERIODISTAS-POR-LA-IGUALDAD.pdf\">http:\/\/www.periodistasporlaigualdad.org\/wp-content\/uploads\/2024\/10\/2024-10-28-NP-ASOCIACION-PERIODISTAS-POR-LA-IGUALDAD.pdf<\/a><\/figcaption><\/figure><\/div>\n\n\n<p><\/p>\n","protected":false},"excerpt":{"rendered":"<p>Recibimos la noticia de la dimisi\u00f3n de \u00cd\u00f1igo Errej\u00f3n y los motivos que la impulsaron con el mismo estupor y repudio que muchas personas en la sociedad, y con un dolor particular por nuestro compromiso con la lucha desde la comunicaci\u00f3n para construir una sociedad libre de violencia de g\u00e9nero. Como profesionales periodistas, hemos tratado el papel de figuras pol\u00edticas en la vida p\u00fablica, contextualizando y facilitando la comprensi\u00f3n de los temas que afectan a la ciudadan\u00eda. Hoy, la ca\u00edda de una figura de gran relevancia nos recuerda cu\u00e1nto trabajo queda por hacer para desmantelar estructuras que ocultan, tras una fachada respetable, actos de acoso, abuso y violencia hacia las mujeres. En el fondo de esta violencia subyace la cosificaci\u00f3n de la v\u00edctima, trat\u00e1ndola como alguien a quien someter, y ah\u00ed comienza la desigualdad, una planta que, al crecer, se torna intolerable. Esto no es algo pasajero: Errej\u00f3n es solo la cara m\u00e1s visible, hasta ahora, de una larga lista de agresores que ejercen violencia desde sus posiciones de poder. Hoy, mujeres y hombres alzamos la voz y decimos basta. Ya no estamos solas en esta lucha; los movimientos como #MeToo han destapado horrores que ya nadie puede callar. Es esencial que los hombres cuestionen y rechacen la complicidad de su entorno, y que repudien cualquier comportamiento que perpet\u00fae la violencia de g\u00e9nero. Nuestra Asociaci\u00f3n naci\u00f3 para demostrar que el periodismo es un pilar clave en la lucha contra el machismo. Informar con rigor, ofrecer herramientas para el cambio y denunciar abusos de poder son nuestras responsabilidades. Para ello, es necesaria la formaci\u00f3n de las y los informadores en temas de Igualdad y contra la violencia de g\u00e9nero, con periodistas y secciones especializadas en cada medio, como el diario P\u00fablico, que destap\u00f3 el caso. Nos enorgullece profundamente el trabajo de Cristina Fallar\u00e1s, periodista con quien hemos colaborado en actividades formativas y cuyo esfuerzo desde sus redes para denunciar casos de acoso y abuso contra mujeres es incansable. Como no, tambi\u00e9n por la valent\u00eda de nuestra compa\u00f1era Elena L\u00e1zaro que ha hecho p\u00fablico haber sido v\u00edctima de abuso sexual por parte de un divulgador cient\u00edfico. Con gran estupor, vuestro m\u00e1ximo apoyo. Quiz\u00e1 falte decir que ojal\u00e1 esta sea la \u00faltima vez en la que las se\u00f1ales de alerta ante comportamientos machistas y faltas de respeto no sean atendidas con la agilidad y la premura necesarias para defender a las v\u00edctimas. Nunca m\u00e1s debe anteponerse la protecci\u00f3n al l\u00edder por encima de la defensa de las personas afectadas. El periodismo tiene la capacidad y el deber de crear espacios seguros para que las voces de las v\u00edctimas sean escuchadas, sin ser juzgadas. Necesitamos perder el miedo a denunciar y enfrentar los abusos. Invitamos a nuestros colegas a formarse, a pedir ayuda, y a sumarse a esta causa con valent\u00eda, porque esta transformaci\u00f3n es inevitable y debe ocurrir. En palabras de una mujer valiente que lucha hoy en los tribunales franceses, \u201cla verg\u00fcenza debe cambiar de bando\u201d. Al igual que el miedo. Es hora de que eso suceda.<\/p>\n","protected":false},"author":1,"featured_media":2851,"comment_status":"open","ping_status":"open","sticky":false,"template":"","format":"standard","meta":[],"categories":[1],"tags":[],"_links":{"self":[{"href":"http:\/\/www.periodistasporlaigualdad.org\/index.php?rest_route=\/wp\/v2\/posts\/2859"}],"collection":[{"href":"http:\/\/www.periodistasporlaigualdad.org\/index.php?rest_route=\/wp\/v2\/posts"}],"about":[{"href":"http:\/\/www.periodistasporlaigualdad.org\/index.php?rest_route=\/wp\/v2\/types\/post"}],"author":[{"embeddable":true,"href":"http:\/\/www.periodistasporlaigualdad.org\/index.php?rest_route=\/wp\/v2\/users\/1"}],"replies":[{"embeddable":true,"href":"http:\/\/www.periodistasporlaigualdad.org\/index.php?rest_route=%2Fwp%2Fv2%2Fcomments&post=2859"}],"version-history":[{"count":3,"href":"http:\/\/www.periodistasporlaigualdad.org\/index.php?rest_route=\/wp\/v2\/posts\/2859\/revisions"}],"predecessor-version":[{"id":2863,"href":"http:\/\/www.periodistasporlaigualdad.org\/index.php?rest_route=\/wp\/v2\/posts\/2859\/revisions\/2863"}],"wp:featuredmedia":[{"embeddable":true,"href":"http:\/\/www.periodistasporlaigualdad.org\/index.php?rest_route=\/wp\/v2\/media\/2851"}],"wp:attachment":[{"href":"http:\/\/www.periodistasporlaigualdad.org\/index.php?rest_route=%2Fwp%2Fv2%2Fmedia&parent=2859"}],"wp:term":[{"taxonomy":"category","embeddable":true,"href":"http:\/\/www.periodistasporlaigualdad.org\/index.php?rest_route=%2Fwp%2Fv2%2Fcategories&post=2859"},{"taxonomy":"post_tag","embeddable":true,"href":"http:\/\/www.periodistasporlaigualdad.org\/index.php?rest_route=%2Fwp%2Fv2%2Ftags&post=2859"}],"curies":[{"name":"wp","href":"https:\/\/api.w.org\/{rel}","templated":true}]}}