{"id":2887,"date":"2025-03-08T15:23:02","date_gmt":"2025-03-08T15:23:02","guid":{"rendered":"http:\/\/www.periodistasporlaigualdad.org\/?p=2887"},"modified":"2025-05-12T17:30:53","modified_gmt":"2025-05-12T17:30:53","slug":"manifiesto-de-periodistas-de-aragon-a-proposito-del-8-de-marzo-de-2025","status":"publish","type":"post","link":"http:\/\/www.periodistasporlaigualdad.org\/?p=2887","title":{"rendered":"MANIFIESTO DE PERIODISTAS DE ARAG\u00d3N A PROP\u00d3SITO DEL 8 DE MARZO DE 2025"},"content":{"rendered":"<p><a href=\"https:\/\/www.periodistasporlaigualdad.org\/?attachment_id=2890\" rel=\"attachment wp-att-2890\"><img decoding=\"async\" loading=\"lazy\" class=\" wp-image-2890 alignright\" src=\"http:\/\/www.periodistasporlaigualdad.org\/wp-content\/uploads\/2025\/05\/periodistas-en-Aragon-por-la-igualdad-real-8-marzo-2025-1024x768.jpeg\" alt=\"\" width=\"511\" height=\"383\" srcset=\"http:\/\/www.periodistasporlaigualdad.org\/wp-content\/uploads\/2025\/05\/periodistas-en-Aragon-por-la-igualdad-real-8-marzo-2025-1024x768.jpeg 1024w, http:\/\/www.periodistasporlaigualdad.org\/wp-content\/uploads\/2025\/05\/periodistas-en-Aragon-por-la-igualdad-real-8-marzo-2025-300x225.jpeg 300w, http:\/\/www.periodistasporlaigualdad.org\/wp-content\/uploads\/2025\/05\/periodistas-en-Aragon-por-la-igualdad-real-8-marzo-2025-768x576.jpeg 768w, http:\/\/www.periodistasporlaigualdad.org\/wp-content\/uploads\/2025\/05\/periodistas-en-Aragon-por-la-igualdad-real-8-marzo-2025-958x719.jpeg 958w, http:\/\/www.periodistasporlaigualdad.org\/wp-content\/uploads\/2025\/05\/periodistas-en-Aragon-por-la-igualdad-real-8-marzo-2025-600x450.jpeg 600w, http:\/\/www.periodistasporlaigualdad.org\/wp-content\/uploads\/2025\/05\/periodistas-en-Aragon-por-la-igualdad-real-8-marzo-2025.jpeg 1536w\" sizes=\"(max-width: 511px) 100vw, 511px\" \/><\/a>Nuestra asociaci\u00f3n, <a href=\"https:\/\/www.periodistasporlaigualdad.org\/\"><strong>Periodistas por la Igualdad <\/strong><\/a>se ha unido a la <a href=\"https:\/\/periodistasdearagon.org\/\"><strong>Asociaci\u00f3n de Periodistas de Arag\u00f3n <\/strong><\/a>y a<a href=\"https:\/\/www.fotoperiodistasaragon.com\/\"><strong> Fotoperiodistas de Arag\u00f3n<\/strong><\/a> para unir la voz <a href=\"https:\/\/x.com\/apfeministas\/status\/1898418972346990678\/video\/1\">este <strong>8M, D\u00eda Internacional de la Mujer <\/strong><\/a>para exigir un\u00a0<strong>periodismo m\u00e1s igualitario<\/strong>\u00a0<strong>y comprometido<\/strong> en<strong>\u00a0la lucha contra la violencia machista. <\/strong>Roc\u00edo Ibarra, presidenta de la Asociaci\u00f3n Periodistas por la Igualdad, Camino Ivars, vocal de la Asociaci\u00f3n de Periodistas de Arag\u00f3n, \u00a0junto con el\u00a0presidente de la Asociaci\u00f3n Profesional de Fotoperiodistas de Arag\u00f3n, Javier Cebollada han representado a las tres entidades.<\/p>\n<p>Creemos que este d\u00eda es importante para darnos voz y reivindicar un periodismo justo y comprometido, que ponga y represente a las mujeres en los medios de comunicaci\u00f3n de una forma m\u00e1s igualitaria. Precisamente <strong>Reporteros sin Fronteras<\/strong> ha publicado <a href=\"https:\/\/www.rsf-es.org\/8-de-marzo-el-60-de-las-periodistas-que-cubren-temas-de-genero-son-victimas-de-ciberacoso\/\"><strong>un estudio en el que se constata que el 60 % de las periodistas que cubren temas de g\u00e9nero son v\u00edctimas de CIBERACOSO<\/strong><\/a>.<\/p>\n<p>Tambi\u00e9n creemos que hay que tener m\u00e1s presencia a todos los niveles del periodismo porque lo que no se comunica no existe y, por lo tanto, como mujeres y periodistas debemos contar lo que ocurre tambi\u00e9n dentro del sector.<\/p>\n<p>Durante el acto en la plaza de Espa\u00f1a de Zaragoza, se ha le\u00eddo este <a href=\"https:\/\/www.periodistasporlaigualdad.org\/?attachment_id=2888\" rel=\"attachment wp-att-2888\">MANIFIESTO DEL 8M 2025 \u2013 PERIODISTAS POR LA IGUALDAD (ARAG\u00d3N)<\/a>\u00a0en el que se ha denunciado la <strong>falta de mujeres en los puestos de decisi\u00f3n<\/strong>\u00a0de los medios, la\u00a0<strong>escasa representaci\u00f3n femenina<\/strong>\u00a0en los espacios de expertos y ex<a href=\"https:\/\/www.periodistasporlaigualdad.org\/?attachment_id=2889\" rel=\"attachment wp-att-2889\"><img decoding=\"async\" loading=\"lazy\" width=\"525\" height=\"287\" class=\"alignleft size-full wp-image-2889\" src=\"http:\/\/www.periodistasporlaigualdad.org\/wp-content\/uploads\/2025\/05\/ladillo.png\" alt=\"\" srcset=\"http:\/\/www.periodistasporlaigualdad.org\/wp-content\/uploads\/2025\/05\/ladillo.png 525w, http:\/\/www.periodistasporlaigualdad.org\/wp-content\/uploads\/2025\/05\/ladillo-300x164.png 300w\" sizes=\"(max-width: 525px) 100vw, 525px\" \/><\/a>pertas, y la\u00a0<strong>desigualdad laboral<\/strong>\u00a0que persiste en el sector.<\/p>\n<p>Somos la mitad de la poblaci\u00f3n y, sin embargo, apenas ocupamos el 19 % de los puestos de decisi\u00f3n en los medios de comunicaci\u00f3n. No estamos donde se decide y no somos la voz que explica el mundo.<\/p>\n<p>Tambi\u00e9n ponemos el foco en la <strong>revictimizaci\u00f3n<\/strong>\u00a0y el\u00a0<strong>tratamiento medi\u00e1tico<\/strong> de la violencia machista. Los agresores tienen nombre y apellido, pero muchas veces no aparecen en las noticias. Las v\u00edctimas, en cambio, son expuestas, cuestionadas y juzgadas, por lo que exigimos un <strong>periodismo riguroso<\/strong> que deje de ser altavoz del machismo y la desinformaci\u00f3n.<\/p>\n<p>Desde las tres asociaciones periodistas hemos recordado que en lo que va de a\u00f1o, <strong>48 mujeres han sido asesinadas en Espa\u00f1a y que 1.296 han muerto desde 2003 a manos de la violencia machista<\/strong>. A su vez, 63 menores han sido asesinados por sus propios padres desde 2013 en un intento de hacer da\u00f1o a sus madres. La violencia contra las mujeres no es un problema privado, es una realidad social. <strong>Cada 10 minutos, una mujer es asesinada en el mundo por el simple hecho de serlo<\/strong>. En Europa,\u00a0<strong>una de cada tres mujeres ha sufrido agresiones o abusos sexuales desde los 15 a\u00f1os<\/strong>. No es algo excepcional. No es un suceso aislado. Es el d\u00eda a d\u00eda de millones de nosotras.<\/p>\n<p>Tambi\u00e9n hemos denunciado la <strong>desigualdad estructural<\/strong>\u00a0en el sector period\u00edstico, donde la brecha salarial y los techos de cristal siguen limitando la carrera profesional de muchas mujeres.<\/p>\n<p>Entre las <em><strong>principales reivindicaciones<\/strong><\/em>, se ha pedido\u00a0<strong>una representaci\u00f3n real y justa de las mujeres en los medios, condiciones laborales dignas<\/strong> e igualitarias y un compromiso firme contra esta violencia. No queremos un minuto de silencio. Queremos voz, acci\u00f3n, compromiso y cambio. Queremos un periodismo que no nos oculte, un futuro donde no tengamos que seguir gritando que la igualdad no puede esperar m\u00e1s.<\/p>\n<p>El acto ha finalizado con el compromiso de seguir trabajando por un periodismo que refleje la realidad de todas las personas y contribuya a la\u00a0<strong>transformaci\u00f3n social<\/strong>.<\/p>\n","protected":false},"excerpt":{"rendered":"<p>Nuestra asociaci\u00f3n, Periodistas por la Igualdad se ha unido a la Asociaci\u00f3n de Periodistas de Arag\u00f3n y a Fotoperiodistas de Arag\u00f3n para unir la voz este 8M, D\u00eda Internacional de la Mujer para exigir un\u00a0periodismo m\u00e1s igualitario\u00a0y comprometido en\u00a0la lucha contra la violencia machista. Roc\u00edo Ibarra, presidenta de la Asociaci\u00f3n Periodistas por la Igualdad, Camino Ivars, vocal de la Asociaci\u00f3n de Periodistas de Arag\u00f3n, \u00a0junto con el\u00a0presidente de la Asociaci\u00f3n Profesional de Fotoperiodistas de Arag\u00f3n, Javier Cebollada han representado a las tres entidades. Creemos que este d\u00eda es importante para darnos voz y reivindicar un periodismo justo y comprometido, que ponga y represente a las mujeres en los medios de comunicaci\u00f3n de una forma m\u00e1s igualitaria. Precisamente Reporteros sin Fronteras ha publicado un estudio en el que se constata que el 60 % de las periodistas que cubren temas de g\u00e9nero son v\u00edctimas de CIBERACOSO. Tambi\u00e9n creemos que hay que tener m\u00e1s presencia a todos los niveles del periodismo porque lo que no se comunica no existe y, por lo tanto, como mujeres y periodistas debemos contar lo que ocurre tambi\u00e9n dentro del sector. Durante el acto en la plaza de Espa\u00f1a de Zaragoza, se ha le\u00eddo este MANIFIESTO DEL 8M 2025 \u2013 PERIODISTAS POR LA IGUALDAD (ARAG\u00d3N)\u00a0en el que se ha denunciado la falta de mujeres en los puestos de decisi\u00f3n\u00a0de los medios, la\u00a0escasa representaci\u00f3n femenina\u00a0en los espacios de expertos y expertas, y la\u00a0desigualdad laboral\u00a0que persiste en el sector. Somos la mitad de la poblaci\u00f3n y, sin embargo, apenas ocupamos el 19 % de los puestos de decisi\u00f3n en los medios de comunicaci\u00f3n. No estamos donde se decide y no somos la voz que explica el mundo. Tambi\u00e9n ponemos el foco en la revictimizaci\u00f3n\u00a0y el\u00a0tratamiento medi\u00e1tico de la violencia machista. Los agresores tienen nombre y apellido, pero muchas veces no aparecen en las noticias. Las v\u00edctimas, en cambio, son expuestas, cuestionadas y juzgadas, por lo que exigimos un periodismo riguroso que deje de ser altavoz del machismo y la desinformaci\u00f3n. Desde las tres asociaciones periodistas hemos recordado que en lo que va de a\u00f1o, 48 mujeres han sido asesinadas en Espa\u00f1a y que 1.296 han muerto desde 2003 a manos de la violencia machista. A su vez, 63 menores han sido asesinados por sus propios padres desde 2013 en un intento de hacer da\u00f1o a sus madres. La violencia contra las mujeres no es un problema privado, es una realidad social. Cada 10 minutos, una mujer es asesinada en el mundo por el simple hecho de serlo. En Europa,\u00a0una de cada tres mujeres ha sufrido agresiones o abusos sexuales desde los 15 a\u00f1os. No es algo excepcional. No es un suceso aislado. Es el d\u00eda a d\u00eda de millones de nosotras. Tambi\u00e9n hemos denunciado la desigualdad estructural\u00a0en el sector period\u00edstico, donde la brecha salarial y los techos de cristal siguen limitando la carrera profesional de muchas mujeres. Entre las principales reivindicaciones, se ha pedido\u00a0una representaci\u00f3n real y justa de las mujeres en los medios, condiciones laborales dignas e igualitarias y un compromiso firme contra esta violencia. No queremos un minuto de silencio. Queremos voz, acci\u00f3n, compromiso y cambio. Queremos [&hellip;]<\/p>\n","protected":false},"author":1,"featured_media":2890,"comment_status":"open","ping_status":"open","sticky":false,"template":"","format":"standard","meta":[],"categories":[437],"tags":[247,435,253,207],"_links":{"self":[{"href":"http:\/\/www.periodistasporlaigualdad.org\/index.php?rest_route=\/wp\/v2\/posts\/2887"}],"collection":[{"href":"http:\/\/www.periodistasporlaigualdad.org\/index.php?rest_route=\/wp\/v2\/posts"}],"about":[{"href":"http:\/\/www.periodistasporlaigualdad.org\/index.php?rest_route=\/wp\/v2\/types\/post"}],"author":[{"embeddable":true,"href":"http:\/\/www.periodistasporlaigualdad.org\/index.php?rest_route=\/wp\/v2\/users\/1"}],"replies":[{"embeddable":true,"href":"http:\/\/www.periodistasporlaigualdad.org\/index.php?rest_route=%2Fwp%2Fv2%2Fcomments&post=2887"}],"version-history":[{"count":5,"href":"http:\/\/www.periodistasporlaigualdad.org\/index.php?rest_route=\/wp\/v2\/posts\/2887\/revisions"}],"predecessor-version":[{"id":2911,"href":"http:\/\/www.periodistasporlaigualdad.org\/index.php?rest_route=\/wp\/v2\/posts\/2887\/revisions\/2911"}],"wp:featuredmedia":[{"embeddable":true,"href":"http:\/\/www.periodistasporlaigualdad.org\/index.php?rest_route=\/wp\/v2\/media\/2890"}],"wp:attachment":[{"href":"http:\/\/www.periodistasporlaigualdad.org\/index.php?rest_route=%2Fwp%2Fv2%2Fmedia&parent=2887"}],"wp:term":[{"taxonomy":"category","embeddable":true,"href":"http:\/\/www.periodistasporlaigualdad.org\/index.php?rest_route=%2Fwp%2Fv2%2Fcategories&post=2887"},{"taxonomy":"post_tag","embeddable":true,"href":"http:\/\/www.periodistasporlaigualdad.org\/index.php?rest_route=%2Fwp%2Fv2%2Ftags&post=2887"}],"curies":[{"name":"wp","href":"https:\/\/api.w.org\/{rel}","templated":true}]}}