{"id":2896,"date":"2025-03-25T15:53:02","date_gmt":"2025-03-25T15:53:02","guid":{"rendered":"https:\/\/www.periodistasporlaigualdad.org\/?p=2896"},"modified":"2025-05-12T16:00:35","modified_gmt":"2025-05-12T16:00:35","slug":"the-manifesto-stop-killing-journalists-in-gaza-contra-el-asesinato-de-periodistas-en-gaza","status":"publish","type":"post","link":"http:\/\/www.periodistasporlaigualdad.org\/?p=2896","title":{"rendered":"The Manifesto: \u201cSTOP KILLING JOURNALISTS IN GAZA\u201d\/ &#8220;CONTRA EL ASESINATO DE PERIODISTAS EN GAZA&#8221;"},"content":{"rendered":"<p><a href=\"https:\/\/www.periodistasporlaigualdad.org\/?attachment_id=2897\" rel=\"attachment wp-att-2897\"><img decoding=\"async\" loading=\"lazy\" width=\"800\" height=\"450\" class=\"alignleft size-full wp-image-2897\" src=\"http:\/\/www.periodistasporlaigualdad.org\/wp-content\/uploads\/2025\/05\/gaza-press.webp\" alt=\"\" srcset=\"http:\/\/www.periodistasporlaigualdad.org\/wp-content\/uploads\/2025\/05\/gaza-press.webp 800w, http:\/\/www.periodistasporlaigualdad.org\/wp-content\/uploads\/2025\/05\/gaza-press-300x169.webp 300w, http:\/\/www.periodistasporlaigualdad.org\/wp-content\/uploads\/2025\/05\/gaza-press-768x432.webp 768w, http:\/\/www.periodistasporlaigualdad.org\/wp-content\/uploads\/2025\/05\/gaza-press-600x338.webp 600w\" sizes=\"(max-width: 800px) 100vw, 800px\" \/><\/a>Manifiesto: &#8220;CONTRA EL ASESINATO DE PERIODISTAS EN GAZA&#8221;. <a href=\"https:\/\/www.change.org\/p\/stop-killing-journalists-in-gaza-manifesto-for-the-right-to-report\/psf\/promote_or_share?guest=existing&amp;short_display_name=Elena%20&amp;source_location=petition_page&amp;allow_actions=true&amp;utm_campaign=psf\">Puedes firmarlo aqu\u00ed.<\/a><\/p>\n<p>Desde que <strong>comenz\u00f3 la guerra en Gaza en octubre de 2023<\/strong>, al menos 170 periodistas y trabajadores de medios han sido asesinados, seg\u00fan el Comit\u00e9 para la Protecci\u00f3n de los Periodistas (CPJ). El Sindicato de Periodistas Palestinos eleva la cifra a 208.<\/p>\n<p>El 24 de marzo de 2025, Hossam Shabat (Al Jazeera Mubasher) y Mohammed Mansour (Palestine Today), dos periodistas j\u00f3venes, murieron en bombardeos israel\u00edes. Posteriormente fueron etiquetados como \u201cterroristas\u201d por el ej\u00e9rcito israel\u00ed.<br \/>\nNo es la primera vez. Y no ser\u00e1 la \u00faltima si no se detiene esta estrategia deliberada de silenciamiento.<\/p>\n<p>Los periodistas en Gaza est\u00e1n siendo sistem\u00e1ticamente atacados por las fuerzas israel\u00edes, por hacer su trabajo. Informan bajo bombardeos constantes, sin protecci\u00f3n, con restricciones de movimiento y sin refugios seguros. Muchos han muerto mientras documentaban los efectos de la guerra sobre la poblaci\u00f3n civil. Otros han perdido a sus familias, sus hogares o sus propias vidas simplemente por llevar una c\u00e1mara.<\/p>\n<p>Mientras tanto, Israel bloquea la entrada de prensa internacional a Gaza. No quiere testigos. No quiere que informemos. No quiere que veamos.<\/p>\n<p>Como periodistas, no podemos guardar silencio ante esta realidad. El asesinato de nuestros compa\u00f1eros no es solo una tragedia personal: es un crimen contra la libertad de prensa, un ataque directo al derecho a la informaci\u00f3n, una amenaza a la democracia.<\/p>\n<p>Recordamos el Art\u00edculo 79 del Protocolo Adicional I a los Convenios de Ginebra, que establece que los periodistas deben ser protegidos durante los conflictos armados, siempre que no participen directamente en las hostilidades.<\/p>\n<p>Denunciamos:<\/p>\n<p>-La impunidad con la que est\u00e1n siendo asesinados los periodistas palestinos por las fuerzas israel\u00edes.<br \/>\n-El intento deliberado de silenciar lo que ocurre en Gaza.<br \/>\n-El bloqueo informativo impuesto por Israel.<br \/>\n-La indiferencia de la comunidad internacional.<\/p>\n<p>Exigimos:<\/p>\n<p>-Acceso inmediato y sin restricciones para periodistas internacionales en Gaza.<br \/>\n-Protecci\u00f3n efectiva para los periodistas palestinos.<br \/>\n-Una investigaci\u00f3n internacional independiente sobre la muerte de nuestros colegas.<br \/>\n-El fin del uso del t\u00e9rmino \u201cterrorista\u201d como justificaci\u00f3n para asesinar periodistas.<\/p>\n<p>Las firmas recogidas las enviaremos al Comit\u00e9 Especial de Peticiones P\u00fablicas del Parlamento israel\u00ed o Knesset.<\/p>\n<p>Todos somos v\u00edctimas de estos cr\u00edmenes. Porque tambi\u00e9n est\u00e1n matando el derecho que todos tenemos a conocer la verdad.<\/p>\n","protected":false},"excerpt":{"rendered":"<p>Manifiesto: &#8220;CONTRA EL ASESINATO DE PERIODISTAS EN GAZA&#8221;. Puedes firmarlo aqu\u00ed. Desde que comenz\u00f3 la guerra en Gaza en octubre de 2023, al menos 170 periodistas y trabajadores de medios han sido asesinados, seg\u00fan el Comit\u00e9 para la Protecci\u00f3n de los Periodistas (CPJ). El Sindicato de Periodistas Palestinos eleva la cifra a 208. El 24 de marzo de 2025, Hossam Shabat (Al Jazeera Mubasher) y Mohammed Mansour (Palestine Today), dos periodistas j\u00f3venes, murieron en bombardeos israel\u00edes. Posteriormente fueron etiquetados como \u201cterroristas\u201d por el ej\u00e9rcito israel\u00ed. No es la primera vez. Y no ser\u00e1 la \u00faltima si no se detiene esta estrategia deliberada de silenciamiento. Los periodistas en Gaza est\u00e1n siendo sistem\u00e1ticamente atacados por las fuerzas israel\u00edes, por hacer su trabajo. Informan bajo bombardeos constantes, sin protecci\u00f3n, con restricciones de movimiento y sin refugios seguros. Muchos han muerto mientras documentaban los efectos de la guerra sobre la poblaci\u00f3n civil. Otros han perdido a sus familias, sus hogares o sus propias vidas simplemente por llevar una c\u00e1mara. Mientras tanto, Israel bloquea la entrada de prensa internacional a Gaza. No quiere testigos. No quiere que informemos. No quiere que veamos. Como periodistas, no podemos guardar silencio ante esta realidad. El asesinato de nuestros compa\u00f1eros no es solo una tragedia personal: es un crimen contra la libertad de prensa, un ataque directo al derecho a la informaci\u00f3n, una amenaza a la democracia. Recordamos el Art\u00edculo 79 del Protocolo Adicional I a los Convenios de Ginebra, que establece que los periodistas deben ser protegidos durante los conflictos armados, siempre que no participen directamente en las hostilidades. Denunciamos: -La impunidad con la que est\u00e1n siendo asesinados los periodistas palestinos por las fuerzas israel\u00edes. -El intento deliberado de silenciar lo que ocurre en Gaza. -El bloqueo informativo impuesto por Israel. -La indiferencia de la comunidad internacional. Exigimos: -Acceso inmediato y sin restricciones para periodistas internacionales en Gaza. -Protecci\u00f3n efectiva para los periodistas palestinos. -Una investigaci\u00f3n internacional independiente sobre la muerte de nuestros colegas. -El fin del uso del t\u00e9rmino \u201cterrorista\u201d como justificaci\u00f3n para asesinar periodistas. Las firmas recogidas las enviaremos al Comit\u00e9 Especial de Peticiones P\u00fablicas del Parlamento israel\u00ed o Knesset. Todos somos v\u00edctimas de estos cr\u00edmenes. Porque tambi\u00e9n est\u00e1n matando el derecho que todos tenemos a conocer la verdad.<\/p>\n","protected":false},"author":1,"featured_media":2897,"comment_status":"open","ping_status":"open","sticky":false,"template":"","format":"standard","meta":[],"categories":[608],"tags":[609,610,611,207],"_links":{"self":[{"href":"http:\/\/www.periodistasporlaigualdad.org\/index.php?rest_route=\/wp\/v2\/posts\/2896"}],"collection":[{"href":"http:\/\/www.periodistasporlaigualdad.org\/index.php?rest_route=\/wp\/v2\/posts"}],"about":[{"href":"http:\/\/www.periodistasporlaigualdad.org\/index.php?rest_route=\/wp\/v2\/types\/post"}],"author":[{"embeddable":true,"href":"http:\/\/www.periodistasporlaigualdad.org\/index.php?rest_route=\/wp\/v2\/users\/1"}],"replies":[{"embeddable":true,"href":"http:\/\/www.periodistasporlaigualdad.org\/index.php?rest_route=%2Fwp%2Fv2%2Fcomments&post=2896"}],"version-history":[{"count":1,"href":"http:\/\/www.periodistasporlaigualdad.org\/index.php?rest_route=\/wp\/v2\/posts\/2896\/revisions"}],"predecessor-version":[{"id":2898,"href":"http:\/\/www.periodistasporlaigualdad.org\/index.php?rest_route=\/wp\/v2\/posts\/2896\/revisions\/2898"}],"wp:featuredmedia":[{"embeddable":true,"href":"http:\/\/www.periodistasporlaigualdad.org\/index.php?rest_route=\/wp\/v2\/media\/2897"}],"wp:attachment":[{"href":"http:\/\/www.periodistasporlaigualdad.org\/index.php?rest_route=%2Fwp%2Fv2%2Fmedia&parent=2896"}],"wp:term":[{"taxonomy":"category","embeddable":true,"href":"http:\/\/www.periodistasporlaigualdad.org\/index.php?rest_route=%2Fwp%2Fv2%2Fcategories&post=2896"},{"taxonomy":"post_tag","embeddable":true,"href":"http:\/\/www.periodistasporlaigualdad.org\/index.php?rest_route=%2Fwp%2Fv2%2Ftags&post=2896"}],"curies":[{"name":"wp","href":"https:\/\/api.w.org\/{rel}","templated":true}]}}