{"id":2900,"date":"2025-03-31T16:40:40","date_gmt":"2025-03-31T16:40:40","guid":{"rendered":"https:\/\/www.periodistasporlaigualdad.org\/?p=2900"},"modified":"2025-05-12T17:25:46","modified_gmt":"2025-05-12T17:25:46","slug":"caso-dani-alves-la-formacion-en-perspectiva-de-igualdad-de-la-judicatura-es-fundamental-para-que-las-mujeres-confien-en-la-justicia-y-decidan-denunciar","status":"publish","type":"post","link":"http:\/\/www.periodistasporlaigualdad.org\/?p=2900","title":{"rendered":"CASO DANI ALVES: La formaci\u00f3n en perspectiva de igualdad de la judicatura es fundamental para que las mujeres conf\u00eden en la Justicia y decidan denunciar"},"content":{"rendered":"<p>Desde la Asociaci\u00f3n de Periodistas por la Igualdad, nos hacemos eco del art\u00edculo\u00a0 de la jurista feminista<a href=\"https:\/\/es.wikipedia.org\/wiki\/Altamira_Gonzalo\"><strong> Altamira Gonzalo Valga\u00f1\u00f3n<\/strong><\/a> publicado <a href=\"https:\/\/www.periodistasporlaigualdad.org\/?attachment_id=2901\" rel=\"attachment wp-att-2901\"><img decoding=\"async\" loading=\"lazy\" class=\"wp-image-2901 alignright\" src=\"http:\/\/www.periodistasporlaigualdad.org\/wp-content\/uploads\/2025\/05\/articulo-Altamira-Gonzalo-365x1024.png\" alt=\"\" width=\"323\" height=\"906\" srcset=\"http:\/\/www.periodistasporlaigualdad.org\/wp-content\/uploads\/2025\/05\/articulo-Altamira-Gonzalo-365x1024.png 365w, http:\/\/www.periodistasporlaigualdad.org\/wp-content\/uploads\/2025\/05\/articulo-Altamira-Gonzalo-107x300.png 107w, http:\/\/www.periodistasporlaigualdad.org\/wp-content\/uploads\/2025\/05\/articulo-Altamira-Gonzalo-768x2154.png 768w, http:\/\/www.periodistasporlaigualdad.org\/wp-content\/uploads\/2025\/05\/articulo-Altamira-Gonzalo-548x1536.png 548w, http:\/\/www.periodistasporlaigualdad.org\/wp-content\/uploads\/2025\/05\/articulo-Altamira-Gonzalo-730x2048.png 730w, http:\/\/www.periodistasporlaigualdad.org\/wp-content\/uploads\/2025\/05\/articulo-Altamira-Gonzalo-958x2687.png 958w, http:\/\/www.periodistasporlaigualdad.org\/wp-content\/uploads\/2025\/05\/articulo-Altamira-Gonzalo-600x1683.png 600w, http:\/\/www.periodistasporlaigualdad.org\/wp-content\/uploads\/2025\/05\/articulo-Altamira-Gonzalo.png 1023w\" sizes=\"(max-width: 323px) 100vw, 323px\" \/> en el diario El Pa\u00eds sobre la segunda sentencia del caso Alves.<\/a><\/p>\n<p>\ud83d\udce2 &#8220;El descreimiento casi aprior\u00edstico del relato de la v\u00edctima es la prueba m\u00e1s evidente de juzgar sin perspectiva de g\u00e9nero&#8221;, afirma Gonzalo, cuestionando la reciente <a href=\"https:\/\/www.poderjudicial.es\/cgpj\/es\/Poder-Judicial\/Tribunales-Superiores-de-Justicia\/TSJ-Cataluna\/Noticias-Judiciales-TSJ-Cataluna\/El-TSJ-de-Cataluna-revoca-por-unanimidad-la-sentencia-que-condeno-a-un-futbolista-por-agresion-sexual\">sentencia absolutoria del TSJC en el caso Dani Alves<\/a>.<\/p>\n<p>Tambi\u00e9n queremos agradecer y respaldar p\u00fablicamente el valiente y clar\u00edsimo posicionamiento de la<a href=\"https:\/\/www.mujeresjuezas.es\/2025\/03\/31\/amje-reivindica-la-plena-aplicacion-de-la-jurisprudencia-que-da-validez-a-la-declaracion-de-las-victimas-como-prueba-de-cargo\/\"> Asociaci\u00f3n de Mujeres Juezas de Espa\u00f1a (AMJE) <\/a>al reivindicar la &#8220;plena aplicaci\u00f3n de la jurisprudencia que da validez a la declaraci\u00f3n de las v\u00edctimas como prueba de cargo, y siempre con la presunci\u00f3n de inocencia por delante&#8221;.<\/p>\n<p>Su\u00a0 comunicado es un recordatorio imprescindible de que la declaraci\u00f3n de la v\u00edctima es y debe seguir siendo una prueba v\u00e1lida y suficiente para sustentar una condena, conforme a la jurisprudencia consolidada del Tribunal Supremo.<\/p>\n<p>Como periodistas comprometidas con la igualdad:<br \/>\n\u2022 Rechazamos los relatos que desacreditan a las v\u00edctimas por no recordar detalles accesorios, mientras ignoran su coherencia en los hechos fundamentales.<br \/>\n\u2022 Denunciamos la banalizaci\u00f3n de los delitos sexuales en la opini\u00f3n p\u00fablica y el descr\u00e9dito sistem\u00e1tico a quienes denuncian.<br \/>\n\u2022 Apoyamos a quienes, desde el Derecho, defienden una justicia con perspectiva de g\u00e9nero, sin renunciar a la presunci\u00f3n de inocencia, pero sin que esta se convierta en una coartada para la impunidad.<\/p>\n<p>El retroceso que denuncian las juezas es tambi\u00e9n una llamada de atenci\u00f3n al periodismo: tenemos la responsabilidad de no contribuir a cerrar esa puerta que tanto cost\u00f3 abrir.<\/p>\n<p>\ud83d\udcca Recordamos que solo el 8% de las agresiones sexuales se denuncian. \u00bfPor qu\u00e9? Verg\u00fcenza, miedo a no ser cre\u00eddas, y la revictimizaci\u00f3n institucional y medi\u00e1tica.<\/p>\n<p>\ud83d\udcf0 Como periodistas, denunciamos la urgencia de transformar las narrativas que sit\u00faan la lupa en las v\u00edctimas y no en los agresores. Y exigimos una cobertura informativa \u00e9tica, que respete los derechos humanos y no contribuya a la cultura de la impunidad.<\/p>\n<p>\ud83e\udd1d Acompa\u00f1amos a las compa\u00f1eras del \u00e1mbito jur\u00eddico feminista en su demanda de formaci\u00f3n en igualdad en la judicatura. <strong>La justicia sin perspectiva de g\u00e9nero no es justicia<\/strong>.<\/p>\n<p><strong>Y, ya de paso, volvemos a\u00a0 hacernos eco\u00a0 del <a href=\"https:\/\/periodistasdearagon.org\/2025\/03\/27\/crece-el-ciberacoso-a-las-periodistas-que-tratan-los-derechos-de-la-mujer-y-las-violencias-machistas\/?fbclid=IwY2xjawKPDURleHRuA2FlbQIxMAABHjrI7_3ghfw8sJUW1ISFpx5tWEcYoygGfDYRpUY7Rt06XT-5UHkukVhts5zH_aem_nmbclq2iGogD8ybeWr008w\">ciberacoso que sufren las periodistas que tratan los derechos de las mujeres y la violencia machista<\/a>. Una realidad denunciada por <a href=\"https:\/\/periodistasdearagon.org\/2025\/03\/27\/crece-el-ciberacoso-a-las-periodistas-que-tratan-los-derechos-de-la-mujer-y-las-violencias-machistas\/?fbclid=IwY2xjawKPDURleHRuA2FlbQIxMAABHjrI7_3ghfw8sJUW1ISFpx5tWEcYoygGfDYRpUY7Rt06XT-5UHkukVhts5zH_aem_nmbclq2iGogD8ybeWr008w\">REPORTEROS SIN FRONTERAS<\/a>.<\/strong><\/p>\n","protected":false},"excerpt":{"rendered":"<p>Desde la Asociaci\u00f3n de Periodistas por la Igualdad, nos hacemos eco del art\u00edculo\u00a0 de la jurista feminista Altamira Gonzalo Valga\u00f1\u00f3n publicado en el diario El Pa\u00eds sobre la segunda sentencia del caso Alves. \ud83d\udce2 &#8220;El descreimiento casi aprior\u00edstico del relato de la v\u00edctima es la prueba m\u00e1s evidente de juzgar sin perspectiva de g\u00e9nero&#8221;, afirma Gonzalo, cuestionando la reciente sentencia absolutoria del TSJC en el caso Dani Alves. Tambi\u00e9n queremos agradecer y respaldar p\u00fablicamente el valiente y clar\u00edsimo posicionamiento de la Asociaci\u00f3n de Mujeres Juezas de Espa\u00f1a (AMJE) al reivindicar la &#8220;plena aplicaci\u00f3n de la jurisprudencia que da validez a la declaraci\u00f3n de las v\u00edctimas como prueba de cargo, y siempre con la presunci\u00f3n de inocencia por delante&#8221;. Su\u00a0 comunicado es un recordatorio imprescindible de que la declaraci\u00f3n de la v\u00edctima es y debe seguir siendo una prueba v\u00e1lida y suficiente para sustentar una condena, conforme a la jurisprudencia consolidada del Tribunal Supremo. Como periodistas comprometidas con la igualdad: \u2022 Rechazamos los relatos que desacreditan a las v\u00edctimas por no recordar detalles accesorios, mientras ignoran su coherencia en los hechos fundamentales. \u2022 Denunciamos la banalizaci\u00f3n de los delitos sexuales en la opini\u00f3n p\u00fablica y el descr\u00e9dito sistem\u00e1tico a quienes denuncian. \u2022 Apoyamos a quienes, desde el Derecho, defienden una justicia con perspectiva de g\u00e9nero, sin renunciar a la presunci\u00f3n de inocencia, pero sin que esta se convierta en una coartada para la impunidad. El retroceso que denuncian las juezas es tambi\u00e9n una llamada de atenci\u00f3n al periodismo: tenemos la responsabilidad de no contribuir a cerrar esa puerta que tanto cost\u00f3 abrir. \ud83d\udcca Recordamos que solo el 8% de las agresiones sexuales se denuncian. \u00bfPor qu\u00e9? Verg\u00fcenza, miedo a no ser cre\u00eddas, y la revictimizaci\u00f3n institucional y medi\u00e1tica. \ud83d\udcf0 Como periodistas, denunciamos la urgencia de transformar las narrativas que sit\u00faan la lupa en las v\u00edctimas y no en los agresores. Y exigimos una cobertura informativa \u00e9tica, que respete los derechos humanos y no contribuya a la cultura de la impunidad. \ud83e\udd1d Acompa\u00f1amos a las compa\u00f1eras del \u00e1mbito jur\u00eddico feminista en su demanda de formaci\u00f3n en igualdad en la judicatura. La justicia sin perspectiva de g\u00e9nero no es justicia. Y, ya de paso, volvemos a\u00a0 hacernos eco\u00a0 del ciberacoso que sufren las periodistas que tratan los derechos de las mujeres y la violencia machista. Una realidad denunciada por REPORTEROS SIN FRONTERAS.<\/p>\n","protected":false},"author":1,"featured_media":2901,"comment_status":"open","ping_status":"open","sticky":false,"template":"","format":"standard","meta":[],"categories":[608,575,612],"tags":[615,613,616,614],"_links":{"self":[{"href":"http:\/\/www.periodistasporlaigualdad.org\/index.php?rest_route=\/wp\/v2\/posts\/2900"}],"collection":[{"href":"http:\/\/www.periodistasporlaigualdad.org\/index.php?rest_route=\/wp\/v2\/posts"}],"about":[{"href":"http:\/\/www.periodistasporlaigualdad.org\/index.php?rest_route=\/wp\/v2\/types\/post"}],"author":[{"embeddable":true,"href":"http:\/\/www.periodistasporlaigualdad.org\/index.php?rest_route=\/wp\/v2\/users\/1"}],"replies":[{"embeddable":true,"href":"http:\/\/www.periodistasporlaigualdad.org\/index.php?rest_route=%2Fwp%2Fv2%2Fcomments&post=2900"}],"version-history":[{"count":7,"href":"http:\/\/www.periodistasporlaigualdad.org\/index.php?rest_route=\/wp\/v2\/posts\/2900\/revisions"}],"predecessor-version":[{"id":2910,"href":"http:\/\/www.periodistasporlaigualdad.org\/index.php?rest_route=\/wp\/v2\/posts\/2900\/revisions\/2910"}],"wp:featuredmedia":[{"embeddable":true,"href":"http:\/\/www.periodistasporlaigualdad.org\/index.php?rest_route=\/wp\/v2\/media\/2901"}],"wp:attachment":[{"href":"http:\/\/www.periodistasporlaigualdad.org\/index.php?rest_route=%2Fwp%2Fv2%2Fmedia&parent=2900"}],"wp:term":[{"taxonomy":"category","embeddable":true,"href":"http:\/\/www.periodistasporlaigualdad.org\/index.php?rest_route=%2Fwp%2Fv2%2Fcategories&post=2900"},{"taxonomy":"post_tag","embeddable":true,"href":"http:\/\/www.periodistasporlaigualdad.org\/index.php?rest_route=%2Fwp%2Fv2%2Ftags&post=2900"}],"curies":[{"name":"wp","href":"https:\/\/api.w.org\/{rel}","templated":true}]}}