{"id":2929,"date":"2025-06-20T21:36:56","date_gmt":"2025-06-20T21:36:56","guid":{"rendered":"https:\/\/www.periodistasporlaigualdad.org\/?p=2929"},"modified":"2025-07-16T22:29:44","modified_gmt":"2025-07-16T22:29:44","slug":"mujeres-periodistas-un-cambio-de-paradigma","status":"publish","type":"post","link":"http:\/\/www.periodistasporlaigualdad.org\/?p=2929","title":{"rendered":"MUJERES PERIODISTAS: \u00bfUN CAMBIO DE PARADIGMA?"},"content":{"rendered":"<p>Con este sugerente t\u00edtulo, &#8220;Mujeres periodistas, \u00bfun cambio de paradigma? se celebr\u00f3 este pasado 16 de junio en Madrid este debate comisariado por\u00a0la periodista <a href=\"http:\/\/v\"><strong>M\u00aa Jos\u00e9 Pintor<\/strong><\/a>, directora de Comunicaci\u00f3n del peri\u00f3dico digital <a href=\"http:\/\/www.publico.es\">P\u00fablico.\u00a0 <\/a>Un debate que fue moderado por <a href=\"https:\/\/www.periodistasporlaigualdad.org\/?page_id=923\"><strong>Roc\u00edo Ibarra<\/strong><\/a>, periodista, profesora de la Universidad de Zaragoza y presidenta de nuesta asociaci\u00f3n.<\/p>\n<p>Un encuentro en el que tres periodistas, <strong>Ana Pardo de Vera<\/strong>,\u00a0 directora corporativa y de Relaciones Institucionales de P\u00fablico. <strong>Mar\u00eda Rey<\/strong>,\u00a0 actual presentadora en Telemadrid del informativo <em>120 minutos<\/em> y <strong>Teresa Viejo<\/strong>, periodista y escritora, que dirige desde 2013 &#8220;La Observadora&#8221;,\u00a0 en RNE, han dado su punto de vista sobre la situaci\u00f3n de la mujer en el periodismo.<\/p>\n<p>Las universidades llevan ya mucho tiempo teniendo m\u00e1s mujeres que hombres matriculadas en las carreras de periodismo. Parad\u00f3jicamente, y como en otros \u00e1mbitos, hasta hace relativamente poco tiempo no han empezado a tener puestos destacados en redacciones y gabinetes de comunicaci\u00f3n.<\/p>\n<p>Puedes ver el debate <a href=\"https:\/\/www.youtube.com\/live\/mduJUHZfYqE\">en este enlace<\/a>.<\/p>\n<p>Ciclo de Periodismo: La profesi\u00f3n va por dentro<\/p>\n<p>&nbsp;<\/p>\n<p>&nbsp;<\/p>\n","protected":false},"excerpt":{"rendered":"<p>Con este sugerente t\u00edtulo, &#8220;Mujeres periodistas, \u00bfun cambio de paradigma? se celebr\u00f3 este pasado 16 de junio en Madrid este debate comisariado por\u00a0la periodista M\u00aa Jos\u00e9 Pintor, directora de Comunicaci\u00f3n del peri\u00f3dico digital P\u00fablico.\u00a0 Un debate que fue moderado por Roc\u00edo Ibarra, periodista, profesora de la Universidad de Zaragoza y presidenta de nuesta asociaci\u00f3n. Un encuentro en el que tres periodistas, Ana Pardo de Vera,\u00a0 directora corporativa y de Relaciones Institucionales de P\u00fablico. Mar\u00eda Rey,\u00a0 actual presentadora en Telemadrid del informativo 120 minutos y Teresa Viejo, periodista y escritora, que dirige desde 2013 &#8220;La Observadora&#8221;,\u00a0 en RNE, han dado su punto de vista sobre la situaci\u00f3n de la mujer en el periodismo. Las universidades llevan ya mucho tiempo teniendo m\u00e1s mujeres que hombres matriculadas en las carreras de periodismo. Parad\u00f3jicamente, y como en otros \u00e1mbitos, hasta hace relativamente poco tiempo no han empezado a tener puestos destacados en redacciones y gabinetes de comunicaci\u00f3n. Puedes ver el debate en este enlace. Ciclo de Periodismo: La profesi\u00f3n va por dentro &nbsp; &nbsp;<\/p>\n","protected":false},"author":1,"featured_media":2931,"comment_status":"closed","ping_status":"open","sticky":false,"template":"","format":"standard","meta":[],"categories":[150],"tags":[618,243,241,621,619,617,561,142,620,242,117],"_links":{"self":[{"href":"http:\/\/www.periodistasporlaigualdad.org\/index.php?rest_route=\/wp\/v2\/posts\/2929"}],"collection":[{"href":"http:\/\/www.periodistasporlaigualdad.org\/index.php?rest_route=\/wp\/v2\/posts"}],"about":[{"href":"http:\/\/www.periodistasporlaigualdad.org\/index.php?rest_route=\/wp\/v2\/types\/post"}],"author":[{"embeddable":true,"href":"http:\/\/www.periodistasporlaigualdad.org\/index.php?rest_route=\/wp\/v2\/users\/1"}],"replies":[{"embeddable":true,"href":"http:\/\/www.periodistasporlaigualdad.org\/index.php?rest_route=%2Fwp%2Fv2%2Fcomments&post=2929"}],"version-history":[{"count":3,"href":"http:\/\/www.periodistasporlaigualdad.org\/index.php?rest_route=\/wp\/v2\/posts\/2929\/revisions"}],"predecessor-version":[{"id":2934,"href":"http:\/\/www.periodistasporlaigualdad.org\/index.php?rest_route=\/wp\/v2\/posts\/2929\/revisions\/2934"}],"wp:featuredmedia":[{"embeddable":true,"href":"http:\/\/www.periodistasporlaigualdad.org\/index.php?rest_route=\/wp\/v2\/media\/2931"}],"wp:attachment":[{"href":"http:\/\/www.periodistasporlaigualdad.org\/index.php?rest_route=%2Fwp%2Fv2%2Fmedia&parent=2929"}],"wp:term":[{"taxonomy":"category","embeddable":true,"href":"http:\/\/www.periodistasporlaigualdad.org\/index.php?rest_route=%2Fwp%2Fv2%2Fcategories&post=2929"},{"taxonomy":"post_tag","embeddable":true,"href":"http:\/\/www.periodistasporlaigualdad.org\/index.php?rest_route=%2Fwp%2Fv2%2Ftags&post=2929"}],"curies":[{"name":"wp","href":"https:\/\/api.w.org\/{rel}","templated":true}]}}