{"id":2973,"date":"2025-09-20T15:53:58","date_gmt":"2025-09-20T15:53:58","guid":{"rendered":"https:\/\/www.periodistasporlaigualdad.org\/?p=2973"},"modified":"2025-11-26T23:42:36","modified_gmt":"2025-11-26T23:42:36","slug":"periodistas-por-la-igualdad-interviene-en-el-vii-curso-de-periodismo-especializado-de-alcaniz-2025","status":"publish","type":"post","link":"http:\/\/www.periodistasporlaigualdad.org\/?p=2973","title":{"rendered":"PERIODISTAS POR LA IGUALDAD INTERVIENE EN EL VII CURSO DE PERIODISMO ESPECIALIZADO DE ALCA\u00d1IZ 2025"},"content":{"rendered":"<p><a href=\"https:\/\/www.periodistasporlaigualdad.org\/?attachment_id=2977\" rel=\"attachment wp-att-2977\"><img decoding=\"async\" loading=\"lazy\" class=\"alignleft wp-image-2977\" src=\"http:\/\/www.periodistasporlaigualdad.org\/wp-content\/uploads\/2025\/09\/6A1C6314-C78D-4ED4-9941-3817021C5D52-1024x685.jpeg\" alt=\"\" width=\"638\" height=\"427\" srcset=\"http:\/\/www.periodistasporlaigualdad.org\/wp-content\/uploads\/2025\/09\/6A1C6314-C78D-4ED4-9941-3817021C5D52-1024x685.jpeg 1024w, http:\/\/www.periodistasporlaigualdad.org\/wp-content\/uploads\/2025\/09\/6A1C6314-C78D-4ED4-9941-3817021C5D52-300x201.jpeg 300w, http:\/\/www.periodistasporlaigualdad.org\/wp-content\/uploads\/2025\/09\/6A1C6314-C78D-4ED4-9941-3817021C5D52-768x513.jpeg 768w, http:\/\/www.periodistasporlaigualdad.org\/wp-content\/uploads\/2025\/09\/6A1C6314-C78D-4ED4-9941-3817021C5D52-1536x1027.jpeg 1536w, http:\/\/www.periodistasporlaigualdad.org\/wp-content\/uploads\/2025\/09\/6A1C6314-C78D-4ED4-9941-3817021C5D52-2048x1369.jpeg 2048w, http:\/\/www.periodistasporlaigualdad.org\/wp-content\/uploads\/2025\/09\/6A1C6314-C78D-4ED4-9941-3817021C5D52-958x640.jpeg 958w, http:\/\/www.periodistasporlaigualdad.org\/wp-content\/uploads\/2025\/09\/6A1C6314-C78D-4ED4-9941-3817021C5D52-600x401.jpeg 600w, http:\/\/www.periodistasporlaigualdad.org\/wp-content\/uploads\/2025\/09\/6A1C6314-C78D-4ED4-9941-3817021C5D52-272x182.jpeg 272w\" sizes=\"(max-width: 638px) 100vw, 638px\" \/><\/a> <a href=\"https:\/\/www.periodistasporlaigualdad.org\/?attachment_id=2978\" rel=\"attachment wp-att-2978\"><img decoding=\"async\" loading=\"lazy\" class=\"alignleft wp-image-2978\" src=\"http:\/\/www.periodistasporlaigualdad.org\/wp-content\/uploads\/2025\/09\/D601865B-7FBF-4934-9544-E97704864B4E-684x1024.jpeg\" alt=\"\" width=\"162\" height=\"243\" srcset=\"http:\/\/www.periodistasporlaigualdad.org\/wp-content\/uploads\/2025\/09\/D601865B-7FBF-4934-9544-E97704864B4E-684x1024.jpeg 684w, http:\/\/www.periodistasporlaigualdad.org\/wp-content\/uploads\/2025\/09\/D601865B-7FBF-4934-9544-E97704864B4E-200x300.jpeg 200w, http:\/\/www.periodistasporlaigualdad.org\/wp-content\/uploads\/2025\/09\/D601865B-7FBF-4934-9544-E97704864B4E-768x1150.jpeg 768w, http:\/\/www.periodistasporlaigualdad.org\/wp-content\/uploads\/2025\/09\/D601865B-7FBF-4934-9544-E97704864B4E-1026x1536.jpeg 1026w, http:\/\/www.periodistasporlaigualdad.org\/wp-content\/uploads\/2025\/09\/D601865B-7FBF-4934-9544-E97704864B4E-1368x2048.jpeg 1368w, http:\/\/www.periodistasporlaigualdad.org\/wp-content\/uploads\/2025\/09\/D601865B-7FBF-4934-9544-E97704864B4E-958x1434.jpeg 958w, http:\/\/www.periodistasporlaigualdad.org\/wp-content\/uploads\/2025\/09\/D601865B-7FBF-4934-9544-E97704864B4E-600x898.jpeg 600w, http:\/\/www.periodistasporlaigualdad.org\/wp-content\/uploads\/2025\/09\/D601865B-7FBF-4934-9544-E97704864B4E-scaled.jpeg 1710w\" sizes=\"(max-width: 162px) 100vw, 162px\" \/><\/a> <a href=\"https:\/\/www.periodistasporlaigualdad.org\/?attachment_id=2979\" rel=\"attachment wp-att-2979\"><img decoding=\"async\" loading=\"lazy\" class=\"alignleft wp-image-2979\" src=\"http:\/\/www.periodistasporlaigualdad.org\/wp-content\/uploads\/2025\/09\/E6F01221-EEA8-4F30-B254-B2D5BC361557-1024x684.jpeg\" alt=\"\" width=\"395\" height=\"264\" srcset=\"http:\/\/www.periodistasporlaigualdad.org\/wp-content\/uploads\/2025\/09\/E6F01221-EEA8-4F30-B254-B2D5BC361557-1024x684.jpeg 1024w, http:\/\/www.periodistasporlaigualdad.org\/wp-content\/uploads\/2025\/09\/E6F01221-EEA8-4F30-B254-B2D5BC361557-300x200.jpeg 300w, http:\/\/www.periodistasporlaigualdad.org\/wp-content\/uploads\/2025\/09\/E6F01221-EEA8-4F30-B254-B2D5BC361557-768x513.jpeg 768w, http:\/\/www.periodistasporlaigualdad.org\/wp-content\/uploads\/2025\/09\/E6F01221-EEA8-4F30-B254-B2D5BC361557-1536x1026.jpeg 1536w, http:\/\/www.periodistasporlaigualdad.org\/wp-content\/uploads\/2025\/09\/E6F01221-EEA8-4F30-B254-B2D5BC361557-2048x1369.jpeg 2048w, http:\/\/www.periodistasporlaigualdad.org\/wp-content\/uploads\/2025\/09\/E6F01221-EEA8-4F30-B254-B2D5BC361557-958x640.jpeg 958w, http:\/\/www.periodistasporlaigualdad.org\/wp-content\/uploads\/2025\/09\/E6F01221-EEA8-4F30-B254-B2D5BC361557-600x401.jpeg 600w, http:\/\/www.periodistasporlaigualdad.org\/wp-content\/uploads\/2025\/09\/E6F01221-EEA8-4F30-B254-B2D5BC361557-272x182.jpeg 272w\" sizes=\"(max-width: 395px) 100vw, 395px\" \/><\/a> <a href=\"https:\/\/www.periodistasporlaigualdad.org\/?attachment_id=2980\" rel=\"attachment wp-att-2980\"><img decoding=\"async\" loading=\"lazy\" class=\"alignleft wp-image-2980\" src=\"http:\/\/www.periodistasporlaigualdad.org\/wp-content\/uploads\/2025\/09\/BEAE2848-8665-46E2-94D8-36BAF5E93750-1-684x1024.jpeg\" alt=\"\" width=\"163\" height=\"245\" srcset=\"http:\/\/www.periodistasporlaigualdad.org\/wp-content\/uploads\/2025\/09\/BEAE2848-8665-46E2-94D8-36BAF5E93750-1-684x1024.jpeg 684w, http:\/\/www.periodistasporlaigualdad.org\/wp-content\/uploads\/2025\/09\/BEAE2848-8665-46E2-94D8-36BAF5E93750-1-768x1149.jpeg 768w, http:\/\/www.periodistasporlaigualdad.org\/wp-content\/uploads\/2025\/09\/BEAE2848-8665-46E2-94D8-36BAF5E93750-1-1027x1536.jpeg 1027w, http:\/\/www.periodistasporlaigualdad.org\/wp-content\/uploads\/2025\/09\/BEAE2848-8665-46E2-94D8-36BAF5E93750-1-1369x2048.jpeg 1369w, http:\/\/www.periodistasporlaigualdad.org\/wp-content\/uploads\/2025\/09\/BEAE2848-8665-46E2-94D8-36BAF5E93750-1-958x1433.jpeg 958w, http:\/\/www.periodistasporlaigualdad.org\/wp-content\/uploads\/2025\/09\/BEAE2848-8665-46E2-94D8-36BAF5E93750-1-600x898.jpeg 600w, http:\/\/www.periodistasporlaigualdad.org\/wp-content\/uploads\/2025\/09\/BEAE2848-8665-46E2-94D8-36BAF5E93750-1-scaled.jpeg 1711w\" sizes=\"(max-width: 163px) 100vw, 163px\" \/><\/a> <a href=\"https:\/\/www.periodistasporlaigualdad.org\/?attachment_id=2982\" rel=\"attachment wp-att-2982\"><img decoding=\"async\" loading=\"lazy\" class=\"alignleft wp-image-2982 \" src=\"http:\/\/www.periodistasporlaigualdad.org\/wp-content\/uploads\/2025\/09\/A778729A-0BD0-4203-8C8A-DCC0F76D4A28-1-684x1024.jpeg\" alt=\"\" width=\"161\" height=\"241\" srcset=\"http:\/\/www.periodistasporlaigualdad.org\/wp-content\/uploads\/2025\/09\/A778729A-0BD0-4203-8C8A-DCC0F76D4A28-1-684x1024.jpeg 684w, http:\/\/www.periodistasporlaigualdad.org\/wp-content\/uploads\/2025\/09\/A778729A-0BD0-4203-8C8A-DCC0F76D4A28-1-200x300.jpeg 200w, http:\/\/www.periodistasporlaigualdad.org\/wp-content\/uploads\/2025\/09\/A778729A-0BD0-4203-8C8A-DCC0F76D4A28-1-768x1150.jpeg 768w, http:\/\/www.periodistasporlaigualdad.org\/wp-content\/uploads\/2025\/09\/A778729A-0BD0-4203-8C8A-DCC0F76D4A28-1-1026x1536.jpeg 1026w, http:\/\/www.periodistasporlaigualdad.org\/wp-content\/uploads\/2025\/09\/A778729A-0BD0-4203-8C8A-DCC0F76D4A28-1-1368x2048.jpeg 1368w, http:\/\/www.periodistasporlaigualdad.org\/wp-content\/uploads\/2025\/09\/A778729A-0BD0-4203-8C8A-DCC0F76D4A28-1-958x1434.jpeg 958w, http:\/\/www.periodistasporlaigualdad.org\/wp-content\/uploads\/2025\/09\/A778729A-0BD0-4203-8C8A-DCC0F76D4A28-1-600x898.jpeg 600w, http:\/\/www.periodistasporlaigualdad.org\/wp-content\/uploads\/2025\/09\/A778729A-0BD0-4203-8C8A-DCC0F76D4A28-1-scaled.jpeg 1710w\" sizes=\"(max-width: 161px) 100vw, 161px\" \/><\/a>Pod\u00eda haber sido un curso m\u00e1s, un congreso m\u00e1s. Pero no lo fue. El <a href=\"https:\/\/www.lacomarca.net\/curso-periodismo-alcaniz-2025\/\">VII Curso Nacional de Periodismo Especializado de Alca\u00f1iz 2025<\/a>, dedicado a la comunicaci\u00f3n de la Salud Mental y Emocional, a trav\u00e9s del periodismo\u00a0 nos ha hecho mella en\u00a0 la <a href=\"https:\/\/es.wikipedia.org\/wiki\/Periodistas_por_la_Igualdad\">Asociaci\u00f3n de Periodistas por la Igualdad<\/a> por la calidad y la potencia de las casi 40 personas que intervinieron en este curso, dirigido por <a href=\"https:\/\/www.linkedin.com\/in\/evadefior\/\">Eva Defior<\/a>, directora del<a href=\"https:\/\/www.lacomarca.net\/\"><strong> grupo de\u00a0 comunicaci\u00f3n La Comarca<\/strong><\/a>.<\/p>\n<p>Nuestra asociaci\u00f3n estuvo representada por la presencia de <a href=\"https:\/\/janovas.unizar.es\/sideral\/CV\/rocio-ibarra-arias\"><strong> Roc\u00edo Ibarra<\/strong>,<\/a> presidenta de la API y por <a href=\"https:\/\/janovas.unizar.es\/sideral\/CV\/elena-bandres-goldaraz\"><strong>Elena Bandr\u00e9s<\/strong><\/a>, en la charla &#8220;Pantallas que hieren: g\u00e9nero, violencia, sexualidad y algoritmos&#8221;. Junto a <a href=\"https:\/\/janovas.unizar.es\/sideral\/CV\/santiago-jose-boira-sarto\"><strong>Santiago Boira<\/strong><\/a>, presidente del <strong>colegio de psicolog\u00eda de Arag\u00f3n<\/strong>, analizaron el lenguaje y los entornos digitales\u00a0 tanto de\u00a0 redes sociales como de los medios de comunicaci\u00f3n, desde la \u00f3ptica de la justicia social, la igualdad de g\u00e9nero y la diversidad.<\/p>\n<p>Como destac\u00f3 Roc\u00edo Ibarra, nos pasamos un tiempo promedio frente a las pantallas de 7 horas diarias. Y sus consecuencias no nos tienen que dejar indiferentes ya que se perpet\u00faan los estereotipos de g\u00e9nero y\u00a0 fundamentalmente\u00a0 los y las adolescentes\u00a0 sufren graves problemas de ansiedad, depresi\u00f3n o trastornos alimentarios, debido a la gran presi\u00f3n que genera la imagen corporal casi perfecta que se muestra en dichas pantallas. Tambi\u00e9n se destac\u00f3 la presencia,\u00a0 cada vez m\u00e1s, de casos de <strong>ciberacoso<\/strong>.<\/p>\n<p>Como afirm\u00f3 Santiago Boira, el 80% de los CEOs de tecnolog\u00eda y el 95% de los programadores son hombres y esto trae como consecuencia que se creen algoritmos machistas, cuando la tecnolog\u00eda tiene que ser una oportunidad para convertirse en un encuentro donde primen los cuidados a las personas. Por eso insisti\u00f3 en que el \u00fanico movimiento social, cultural y pol\u00edtico formado a trav\u00e9s de los siglos, para construir una sociedad y un lenguaje igualitarios es el feminismo.<\/p>\n<p>El panorama actual en el mundo period\u00edstico qued\u00f3 tambi\u00e9n reflejado con la baja representaci\u00f3n y la\u00a0 falta de autoridad en los roles asignados a las mujeres en los medios. No s\u00f3lo existe un techo de papel en la representaci\u00f3n de las mujeres en la direcci\u00f3n y puestos de poder en los medios de comunicaci\u00f3n sino que las mujeres son menos citadas como fuentes expertas (excepto en temas de g\u00e9nero) y su presencia se circunscribe a\u00a0 aparecer a menudo s\u00f3lo como una &#8220;experiencia personal&#8221; o como testigos.\u00a0 Esto hace que de manera sutil siga existiendo una dominaci\u00f3n\u00a0 masculina que configura la visi\u00f3n del mundo de toda una sociedad, asignando roles de g\u00e9nero y legitimando la desigualdad social a trav\u00e9s de la cultura, tal y como explic\u00f3 Elena Bandr\u00e9s. Siguen d\u00e1ndose asimetr\u00edas nno s\u00f3lo en el lenguaje, sino tambi\u00e9n en la representaci\u00f3n visual de hombres y mujeres a trav\u00e9s de la vestimenta. Por todo lo expuesto, Bandr\u00e9s afirm\u00f3 que la violencia simb\u00f3lica retratada por Bordieu, sigue d\u00e1ndose en pleno siglo XXI y a pesar de todas las leyes igualitarias aprobadas en el ordenamiento jur\u00eddico.<br \/>\nUtilizando el lema del curso:\u00a0&#8216;ComunicativaMENTE&#8217; Narrar la salud mental: una responsabilidad compartida, corresponde a todos los sectores sociales analizar, para despu\u00e9s actuar, en la b\u00fasqueda de estos compromisos.<\/p>\n","protected":false},"excerpt":{"rendered":"<p>Pod\u00eda haber sido un curso m\u00e1s, un congreso m\u00e1s. Pero no lo fue. El VII Curso Nacional de Periodismo Especializado de Alca\u00f1iz 2025, dedicado a la comunicaci\u00f3n de la Salud Mental y Emocional, a trav\u00e9s del periodismo\u00a0 nos ha hecho mella en\u00a0 la Asociaci\u00f3n de Periodistas por la Igualdad por la calidad y la potencia de las casi 40 personas que intervinieron en este curso, dirigido por Eva Defior, directora del grupo de\u00a0 comunicaci\u00f3n La Comarca. Nuestra asociaci\u00f3n estuvo representada por la presencia de Roc\u00edo Ibarra, presidenta de la API y por Elena Bandr\u00e9s, en la charla &#8220;Pantallas que hieren: g\u00e9nero, violencia, sexualidad y algoritmos&#8221;. Junto a Santiago Boira, presidente del colegio de psicolog\u00eda de Arag\u00f3n, analizaron el lenguaje y los entornos digitales\u00a0 tanto de\u00a0 redes sociales como de los medios de comunicaci\u00f3n, desde la \u00f3ptica de la justicia social, la igualdad de g\u00e9nero y la diversidad. Como destac\u00f3 Roc\u00edo Ibarra, nos pasamos un tiempo promedio frente a las pantallas de 7 horas diarias. Y sus consecuencias no nos tienen que dejar indiferentes ya que se perpet\u00faan los estereotipos de g\u00e9nero y\u00a0 fundamentalmente\u00a0 los y las adolescentes\u00a0 sufren graves problemas de ansiedad, depresi\u00f3n o trastornos alimentarios, debido a la gran presi\u00f3n que genera la imagen corporal casi perfecta que se muestra en dichas pantallas. Tambi\u00e9n se destac\u00f3 la presencia,\u00a0 cada vez m\u00e1s, de casos de ciberacoso. Como afirm\u00f3 Santiago Boira, el 80% de los CEOs de tecnolog\u00eda y el 95% de los programadores son hombres y esto trae como consecuencia que se creen algoritmos machistas, cuando la tecnolog\u00eda tiene que ser una oportunidad para convertirse en un encuentro donde primen los cuidados a las personas. Por eso insisti\u00f3 en que el \u00fanico movimiento social, cultural y pol\u00edtico formado a trav\u00e9s de los siglos, para construir una sociedad y un lenguaje igualitarios es el feminismo. El panorama actual en el mundo period\u00edstico qued\u00f3 tambi\u00e9n reflejado con la baja representaci\u00f3n y la\u00a0 falta de autoridad en los roles asignados a las mujeres en los medios. No s\u00f3lo existe un techo de papel en la representaci\u00f3n de las mujeres en la direcci\u00f3n y puestos de poder en los medios de comunicaci\u00f3n sino que las mujeres son menos citadas como fuentes expertas (excepto en temas de g\u00e9nero) y su presencia se circunscribe a\u00a0 aparecer a menudo s\u00f3lo como una &#8220;experiencia personal&#8221; o como testigos.\u00a0 Esto hace que de manera sutil siga existiendo una dominaci\u00f3n\u00a0 masculina que configura la visi\u00f3n del mundo de toda una sociedad, asignando roles de g\u00e9nero y legitimando la desigualdad social a trav\u00e9s de la cultura, tal y como explic\u00f3 Elena Bandr\u00e9s. Siguen d\u00e1ndose asimetr\u00edas nno s\u00f3lo en el lenguaje, sino tambi\u00e9n en la representaci\u00f3n visual de hombres y mujeres a trav\u00e9s de la vestimenta. Por todo lo expuesto, Bandr\u00e9s afirm\u00f3 que la violencia simb\u00f3lica retratada por Bordieu, sigue d\u00e1ndose en pleno siglo XXI y a pesar de todas las leyes igualitarias aprobadas en el ordenamiento jur\u00eddico. Utilizando el lema del curso:\u00a0&#8216;ComunicativaMENTE&#8217; Narrar la salud mental: una responsabilidad compartida, corresponde a todos los sectores sociales analizar, para despu\u00e9s actuar, en la b\u00fasqueda de estos compromisos.<\/p>\n","protected":false},"author":1,"featured_media":2981,"comment_status":"open","ping_status":"open","sticky":false,"template":"","format":"standard","meta":[],"categories":[590,608,630],"tags":[631,292,587,142,632],"_links":{"self":[{"href":"http:\/\/www.periodistasporlaigualdad.org\/index.php?rest_route=\/wp\/v2\/posts\/2973"}],"collection":[{"href":"http:\/\/www.periodistasporlaigualdad.org\/index.php?rest_route=\/wp\/v2\/posts"}],"about":[{"href":"http:\/\/www.periodistasporlaigualdad.org\/index.php?rest_route=\/wp\/v2\/types\/post"}],"author":[{"embeddable":true,"href":"http:\/\/www.periodistasporlaigualdad.org\/index.php?rest_route=\/wp\/v2\/users\/1"}],"replies":[{"embeddable":true,"href":"http:\/\/www.periodistasporlaigualdad.org\/index.php?rest_route=%2Fwp%2Fv2%2Fcomments&post=2973"}],"version-history":[{"count":3,"href":"http:\/\/www.periodistasporlaigualdad.org\/index.php?rest_route=\/wp\/v2\/posts\/2973\/revisions"}],"predecessor-version":[{"id":2984,"href":"http:\/\/www.periodistasporlaigualdad.org\/index.php?rest_route=\/wp\/v2\/posts\/2973\/revisions\/2984"}],"wp:featuredmedia":[{"embeddable":true,"href":"http:\/\/www.periodistasporlaigualdad.org\/index.php?rest_route=\/wp\/v2\/media\/2981"}],"wp:attachment":[{"href":"http:\/\/www.periodistasporlaigualdad.org\/index.php?rest_route=%2Fwp%2Fv2%2Fmedia&parent=2973"}],"wp:term":[{"taxonomy":"category","embeddable":true,"href":"http:\/\/www.periodistasporlaigualdad.org\/index.php?rest_route=%2Fwp%2Fv2%2Fcategories&post=2973"},{"taxonomy":"post_tag","embeddable":true,"href":"http:\/\/www.periodistasporlaigualdad.org\/index.php?rest_route=%2Fwp%2Fv2%2Ftags&post=2973"}],"curies":[{"name":"wp","href":"https:\/\/api.w.org\/{rel}","templated":true}]}}